{"id":1417,"date":"2017-11-16T09:03:40","date_gmt":"2017-11-16T08:03:40","guid":{"rendered":"http:\/\/wpdev.qbiq.nl\/?p=1417"},"modified":"2018-03-28T09:04:46","modified_gmt":"2018-03-28T07:04:46","slug":"einzigartige-fassade-in-der-eingangshalle-der-avans-hogeschool","status":"publish","type":"post","link":"https:\/\/www.qbiq.nl\/de\/einzigartige-fassade-in-der-eingangshalle-der-avans-hogeschool\/","title":{"rendered":"Einzigartige Fassade in der Eingangshalle der Avans Hogeschool"},"content":{"rendered":"<p>Momentan bauen wir in Auftrag des Bauunternehmens Hauzenberg eine exklusive, 10 m hohe Glasfassade. Diese findet ihren Platz in der Avans Hogeschool in Den Bosch.<\/p>\n<p>Im sch\u00f6nen, gro\u00dfz\u00fcgig angelegten Atrium verbinden Br\u00fccken die B\u00fcros auf der zweiten und dritten Etage mit den R\u00e4umen in den beiden Fl\u00fcgeln. Die Br\u00fccken befinden sich zwischen zwei vollst\u00e4ndigen Glasfassaden, von denen eine den Au\u00dfengiebel bildet und die andere die Trennung zum Atrium im Geb\u00e4udeinneren. Als Innenwandspezialist baut QbiQ die Glasfassade an der Innenseite. Diese Fassade besteht aus einem iQ-Single Aluminium-Wandsystem mit 122 Glastafeln. Insgesamt werden 209 m\u00b2 Glas verwendet.<\/p>\n<p>Unsere Ingenieure haben vor gut zwei Jahren mit dem Entwurf und der Technologie dieses Umbaus begonnen. Planungsgem\u00e4\u00df sollte dieses einzigartige Projekt in Kalenderwoche 48 \u00fcbergeben werden k\u00f6nnen.<\/p>\n","protected":false},"excerpt":{"rendered":"<p>Momentan bauen wir in Auftrag des Bauunternehmens Hauzenberg eine exklusive, 10 m hohe Glasfassade. Diese findet ihren Platz in der Avans Hogeschool in Den Bosch. Im sch\u00f6nen, gro\u00dfz\u00fcgig angelegten Atrium verbinden Br\u00fccken die B\u00fcros auf der zweiten und dritten Etage mit den R\u00e4umen in den beiden Fl\u00fcgeln. Die Br\u00fccken befinden sich zwischen zwei vollst\u00e4ndigen Glasfassaden,&#8230;<\/p>\n","protected":false},"author":4,"featured_media":920,"comment_status":"closed","ping_status":"closed","sticky":false,"template":"","format":"standard","meta":{"_acf_changed":false,"footnotes":""},"categories":[6],"tags":[],"class_list":["post-1417","post","type-post","status-publish","format-standard","has-post-thumbnail","hentry","category-unkategorisiert"],"acf":[],"yoast_head":"<!-- This site is optimized with the Yoast SEO plugin v27.5 - https:\/\/yoast.com\/product\/yoast-seo-wordpress\/ -->\n<title>Einzigartige Fassade in der Eingangshalle der Avans Hogeschool - QbiQ Wall Systems<\/title>\n<meta name=\"robots\" content=\"index, follow, max-snippet:-1, max-image-preview:large, max-video-preview:-1\" \/>\n<link rel=\"canonical\" href=\"https:\/\/www.qbiq.nl\/de\/einzigartige-fassade-in-der-eingangshalle-der-avans-hogeschool\/\" \/>\n<meta property=\"og:locale\" content=\"de_DE\" \/>\n<meta property=\"og:type\" content=\"article\" \/>\n<meta property=\"og:title\" content=\"Einzigartige Fassade in der Eingangshalle der Avans Hogeschool - QbiQ Wall Systems\" \/>\n<meta property=\"og:description\" content=\"Momentan bauen wir in Auftrag des Bauunternehmens Hauzenberg eine exklusive, 10 m hohe Glasfassade. Diese findet ihren Platz in der Avans Hogeschool in Den Bosch. Im sch\u00f6nen, gro\u00dfz\u00fcgig angelegten Atrium verbinden Br\u00fccken die B\u00fcros auf der zweiten und dritten Etage mit den R\u00e4umen in den beiden Fl\u00fcgeln. Die Br\u00fccken befinden sich zwischen zwei vollst\u00e4ndigen Glasfassaden,...\" \/>\n<meta property=\"og:url\" content=\"https:\/\/www.qbiq.nl\/de\/einzigartige-fassade-in-der-eingangshalle-der-avans-hogeschool\/\" \/>\n<meta property=\"og:site_name\" content=\"QbiQ Wall Systems\" \/>\n<meta property=\"article:publisher\" content=\"https:\/\/www.facebook.com\/qbiqwallsystems\" \/>\n<meta property=\"article:published_time\" content=\"2017-11-16T08:03:40+00:00\" \/>\n<meta property=\"article:modified_time\" content=\"2018-03-28T07:04:46+00:00\" \/>\n<meta property=\"og:image\" content=\"https:\/\/www.qbiq.nl\/wp-content\/uploads\/2017\/11\/Avans-Hoogeschool-Den-Bosch-1.png\" \/>\n\t<meta property=\"og:image:width\" content=\"1262\" \/>\n\t<meta property=\"og:image:height\" content=\"607\" \/>\n\t<meta property=\"og:image:type\" content=\"image\/png\" \/>\n<meta name=\"author\" content=\"Rob Groen\" \/>\n<meta name=\"twitter:card\" content=\"summary_large_image\" \/>\n<meta name=\"twitter:creator\" content=\"@QbiQ1\" \/>\n<meta name=\"twitter:site\" content=\"@QbiQ1\" \/>\n<meta name=\"twitter:label1\" content=\"Verfasst von\" \/>\n\t<meta name=\"twitter:data1\" content=\"Rob Groen\" \/>\n\t<meta name=\"twitter:label2\" content=\"Gesch\u00e4tzte Lesezeit\" \/>\n\t<meta name=\"twitter:data2\" content=\"1\u00a0Minute\" \/>\n<script type=\"application\/ld+json\" class=\"yoast-schema-graph\">{\"@context\":\"https:\\\/\\\/schema.org\",\"@graph\":[{\"@type\":\"Article\",\"@id\":\"https:\\\/\\\/www.qbiq.nl\\\/de\\\/einzigartige-fassade-in-der-eingangshalle-der-avans-hogeschool\\\/#article\",\"isPartOf\":{\"@id\":\"https:\\\/\\\/www.qbiq.nl\\\/de\\\/einzigartige-fassade-in-der-eingangshalle-der-avans-hogeschool\\\/\"},\"author\":{\"name\":\"Rob Groen\",\"@id\":\"https:\\\/\\\/www.qbiq.nl\\\/?lang=en\\\/#\\\/schema\\\/person\\\/9566c9c902b2839e85659a9d68ae761f\"},\"headline\":\"Einzigartige Fassade in der Eingangshalle der Avans Hogeschool\",\"datePublished\":\"2017-11-16T08:03:40+00:00\",\"dateModified\":\"2018-03-28T07:04:46+00:00\",\"mainEntityOfPage\":{\"@id\":\"https:\\\/\\\/www.qbiq.nl\\\/de\\\/einzigartige-fassade-in-der-eingangshalle-der-avans-hogeschool\\\/\"},\"wordCount\":138,\"publisher\":{\"@id\":\"https:\\\/\\\/www.qbiq.nl\\\/?lang=en\\\/#organization\"},\"image\":{\"@id\":\"https:\\\/\\\/www.qbiq.nl\\\/de\\\/einzigartige-fassade-in-der-eingangshalle-der-avans-hogeschool\\\/#primaryimage\"},\"thumbnailUrl\":\"https:\\\/\\\/www.qbiq.nl\\\/wp-content\\\/uploads\\\/2017\\\/11\\\/Avans-Hoogeschool-Den-Bosch-1.png\",\"articleSection\":[\"Unkategorisiert\"],\"inLanguage\":\"de\"},{\"@type\":\"WebPage\",\"@id\":\"https:\\\/\\\/www.qbiq.nl\\\/de\\\/einzigartige-fassade-in-der-eingangshalle-der-avans-hogeschool\\\/\",\"url\":\"https:\\\/\\\/www.qbiq.nl\\\/de\\\/einzigartige-fassade-in-der-eingangshalle-der-avans-hogeschool\\\/\",\"name\":\"Einzigartige Fassade in der Eingangshalle der Avans Hogeschool - QbiQ Wall Systems\",\"isPartOf\":{\"@id\":\"https:\\\/\\\/www.qbiq.nl\\\/?lang=en\\\/#website\"},\"primaryImageOfPage\":{\"@id\":\"https:\\\/\\\/www.qbiq.nl\\\/de\\\/einzigartige-fassade-in-der-eingangshalle-der-avans-hogeschool\\\/#primaryimage\"},\"image\":{\"@id\":\"https:\\\/\\\/www.qbiq.nl\\\/de\\\/einzigartige-fassade-in-der-eingangshalle-der-avans-hogeschool\\\/#primaryimage\"},\"thumbnailUrl\":\"https:\\\/\\\/www.qbiq.nl\\\/wp-content\\\/uploads\\\/2017\\\/11\\\/Avans-Hoogeschool-Den-Bosch-1.png\",\"datePublished\":\"2017-11-16T08:03:40+00:00\",\"dateModified\":\"2018-03-28T07:04:46+00:00\",\"breadcrumb\":{\"@id\":\"https:\\\/\\\/www.qbiq.nl\\\/de\\\/einzigartige-fassade-in-der-eingangshalle-der-avans-hogeschool\\\/#breadcrumb\"},\"inLanguage\":\"de\",\"potentialAction\":[{\"@type\":\"ReadAction\",\"target\":[\"https:\\\/\\\/www.qbiq.nl\\\/de\\\/einzigartige-fassade-in-der-eingangshalle-der-avans-hogeschool\\\/\"]}]},{\"@type\":\"ImageObject\",\"inLanguage\":\"de\",\"@id\":\"https:\\\/\\\/www.qbiq.nl\\\/de\\\/einzigartige-fassade-in-der-eingangshalle-der-avans-hogeschool\\\/#primaryimage\",\"url\":\"https:\\\/\\\/www.qbiq.nl\\\/wp-content\\\/uploads\\\/2017\\\/11\\\/Avans-Hoogeschool-Den-Bosch-1.png\",\"contentUrl\":\"https:\\\/\\\/www.qbiq.nl\\\/wp-content\\\/uploads\\\/2017\\\/11\\\/Avans-Hoogeschool-Den-Bosch-1.png\",\"width\":1262,\"height\":607},{\"@type\":\"BreadcrumbList\",\"@id\":\"https:\\\/\\\/www.qbiq.nl\\\/de\\\/einzigartige-fassade-in-der-eingangshalle-der-avans-hogeschool\\\/#breadcrumb\",\"itemListElement\":[{\"@type\":\"ListItem\",\"position\":1,\"name\":\"Home\",\"item\":\"https:\\\/\\\/www.qbiq.nl\\\/de\\\/\"},{\"@type\":\"ListItem\",\"position\":2,\"name\":\"Einzigartige Fassade in der Eingangshalle der Avans Hogeschool\"}]},{\"@type\":\"WebSite\",\"@id\":\"https:\\\/\\\/www.qbiq.nl\\\/?lang=en\\\/#website\",\"url\":\"https:\\\/\\\/www.qbiq.nl\\\/?lang=en\\\/\",\"name\":\"QbiQ Wall Systems\",\"description\":\"QbiQ geeft iQ de ruimte\",\"publisher\":{\"@id\":\"https:\\\/\\\/www.qbiq.nl\\\/?lang=en\\\/#organization\"},\"potentialAction\":[{\"@type\":\"SearchAction\",\"target\":{\"@type\":\"EntryPoint\",\"urlTemplate\":\"https:\\\/\\\/www.qbiq.nl\\\/?lang=en\\\/?s={search_term_string}\"},\"query-input\":{\"@type\":\"PropertyValueSpecification\",\"valueRequired\":true,\"valueName\":\"search_term_string\"}}],\"inLanguage\":\"de\"},{\"@type\":\"Organization\",\"@id\":\"https:\\\/\\\/www.qbiq.nl\\\/?lang=en\\\/#organization\",\"name\":\"QbiQ Wall Systems\",\"url\":\"https:\\\/\\\/www.qbiq.nl\\\/de\\\/\",\"logo\":{\"@type\":\"ImageObject\",\"url\":\"https:\\\/\\\/www.qbiq.nl\\\/wp-content\\\/themes\\\/qbiq\\\/public\\\/img\\\/logo.png\",\"width\":200,\"height\":60},\"image\":{\"@id\":\"https:\\\/\\\/www.qbiq.nl\\\/?lang=en\\\/#\\\/schema\\\/logo\\\/image\\\/\"},\"sameAs\":[\"https:\\\/\\\/www.facebook.com\\\/qbiqwallsystems\\\/\",\"https:\\\/\\\/www.linkedin.com\\\/company\\\/qbiqwallsystems\",\"https:\\\/\\\/www.youtube.com\\\/channel\\\/UC0-xp-sYAd3L3B6q03uvFCQ\",\"https:\\\/\\\/www.instagram.com\\\/qbiqwallsystems\\\/\"],\"telephone\":\"+31 88 50 10 500\",\"address\":{\"@type\":\"PostalAddress\",\"streetAddress\":\"Poppenbouwing 26\",\"addressLocality\":\"Nieuwegein\",\"postalCode\":\"3431 HP\",\"addressCountry\":\"NL\"}},{\"@type\":\"Person\",\"@id\":\"https:\\\/\\\/www.qbiq.nl\\\/?lang=en\\\/#\\\/schema\\\/person\\\/9566c9c902b2839e85659a9d68ae761f\",\"name\":\"Rob Groen\",\"image\":{\"@type\":\"ImageObject\",\"inLanguage\":\"de\",\"@id\":\"https:\\\/\\\/secure.gravatar.com\\\/avatar\\\/b9506609bdc034c3ffd1ce1f8b5815b408a2e804369601f496a985e2206d087f?s=96&d=mm&r=g\",\"url\":\"https:\\\/\\\/secure.gravatar.com\\\/avatar\\\/b9506609bdc034c3ffd1ce1f8b5815b408a2e804369601f496a985e2206d087f?s=96&d=mm&r=g\",\"contentUrl\":\"https:\\\/\\\/secure.gravatar.com\\\/avatar\\\/b9506609bdc034c3ffd1ce1f8b5815b408a2e804369601f496a985e2206d087f?s=96&d=mm&r=g\",\"caption\":\"Rob Groen\"},\"sameAs\":[\"https:\\\/\\\/www.qbiq.nl\"],\"url\":\"https:\\\/\\\/www.qbiq.nl\\\/de\\\/author\\\/qbiq\\\/\"}]}<\/script>\n<!-- \/ Yoast SEO plugin. -->","yoast_head_json":{"title":"Einzigartige Fassade in der Eingangshalle der Avans Hogeschool - QbiQ Wall Systems","robots":{"index":"index","follow":"follow","max-snippet":"max-snippet:-1","max-image-preview":"max-image-preview:large","max-video-preview":"max-video-preview:-1"},"canonical":"https:\/\/www.qbiq.nl\/de\/einzigartige-fassade-in-der-eingangshalle-der-avans-hogeschool\/","og_locale":"de_DE","og_type":"article","og_title":"Einzigartige Fassade in der Eingangshalle der Avans Hogeschool - QbiQ Wall Systems","og_description":"Momentan bauen wir in Auftrag des Bauunternehmens Hauzenberg eine exklusive, 10 m hohe Glasfassade. Diese findet ihren Platz in der Avans Hogeschool in Den Bosch. Im sch\u00f6nen, gro\u00dfz\u00fcgig angelegten Atrium verbinden Br\u00fccken die B\u00fcros auf der zweiten und dritten Etage mit den R\u00e4umen in den beiden Fl\u00fcgeln. Die Br\u00fccken befinden sich zwischen zwei vollst\u00e4ndigen Glasfassaden,...","og_url":"https:\/\/www.qbiq.nl\/de\/einzigartige-fassade-in-der-eingangshalle-der-avans-hogeschool\/","og_site_name":"QbiQ Wall Systems","article_publisher":"https:\/\/www.facebook.com\/qbiqwallsystems","article_published_time":"2017-11-16T08:03:40+00:00","article_modified_time":"2018-03-28T07:04:46+00:00","og_image":[{"width":1262,"height":607,"url":"https:\/\/www.qbiq.nl\/wp-content\/uploads\/2017\/11\/Avans-Hoogeschool-Den-Bosch-1.png","type":"image\/png"}],"author":"Rob Groen","twitter_card":"summary_large_image","twitter_creator":"@QbiQ1","twitter_site":"@QbiQ1","twitter_misc":{"Verfasst von":"Rob Groen","Gesch\u00e4tzte Lesezeit":"1\u00a0Minute"},"schema":{"@context":"https:\/\/schema.org","@graph":[{"@type":"Article","@id":"https:\/\/www.qbiq.nl\/de\/einzigartige-fassade-in-der-eingangshalle-der-avans-hogeschool\/#article","isPartOf":{"@id":"https:\/\/www.qbiq.nl\/de\/einzigartige-fassade-in-der-eingangshalle-der-avans-hogeschool\/"},"author":{"name":"Rob Groen","@id":"https:\/\/www.qbiq.nl\/?lang=en\/#\/schema\/person\/9566c9c902b2839e85659a9d68ae761f"},"headline":"Einzigartige Fassade in der Eingangshalle der Avans Hogeschool","datePublished":"2017-11-16T08:03:40+00:00","dateModified":"2018-03-28T07:04:46+00:00","mainEntityOfPage":{"@id":"https:\/\/www.qbiq.nl\/de\/einzigartige-fassade-in-der-eingangshalle-der-avans-hogeschool\/"},"wordCount":138,"publisher":{"@id":"https:\/\/www.qbiq.nl\/?lang=en\/#organization"},"image":{"@id":"https:\/\/www.qbiq.nl\/de\/einzigartige-fassade-in-der-eingangshalle-der-avans-hogeschool\/#primaryimage"},"thumbnailUrl":"https:\/\/www.qbiq.nl\/wp-content\/uploads\/2017\/11\/Avans-Hoogeschool-Den-Bosch-1.png","articleSection":["Unkategorisiert"],"inLanguage":"de"},{"@type":"WebPage","@id":"https:\/\/www.qbiq.nl\/de\/einzigartige-fassade-in-der-eingangshalle-der-avans-hogeschool\/","url":"https:\/\/www.qbiq.nl\/de\/einzigartige-fassade-in-der-eingangshalle-der-avans-hogeschool\/","name":"Einzigartige Fassade in der Eingangshalle der Avans Hogeschool - QbiQ Wall Systems","isPartOf":{"@id":"https:\/\/www.qbiq.nl\/?lang=en\/#website"},"primaryImageOfPage":{"@id":"https:\/\/www.qbiq.nl\/de\/einzigartige-fassade-in-der-eingangshalle-der-avans-hogeschool\/#primaryimage"},"image":{"@id":"https:\/\/www.qbiq.nl\/de\/einzigartige-fassade-in-der-eingangshalle-der-avans-hogeschool\/#primaryimage"},"thumbnailUrl":"https:\/\/www.qbiq.nl\/wp-content\/uploads\/2017\/11\/Avans-Hoogeschool-Den-Bosch-1.png","datePublished":"2017-11-16T08:03:40+00:00","dateModified":"2018-03-28T07:04:46+00:00","breadcrumb":{"@id":"https:\/\/www.qbiq.nl\/de\/einzigartige-fassade-in-der-eingangshalle-der-avans-hogeschool\/#breadcrumb"},"inLanguage":"de","potentialAction":[{"@type":"ReadAction","target":["https:\/\/www.qbiq.nl\/de\/einzigartige-fassade-in-der-eingangshalle-der-avans-hogeschool\/"]}]},{"@type":"ImageObject","inLanguage":"de","@id":"https:\/\/www.qbiq.nl\/de\/einzigartige-fassade-in-der-eingangshalle-der-avans-hogeschool\/#primaryimage","url":"https:\/\/www.qbiq.nl\/wp-content\/uploads\/2017\/11\/Avans-Hoogeschool-Den-Bosch-1.png","contentUrl":"https:\/\/www.qbiq.nl\/wp-content\/uploads\/2017\/11\/Avans-Hoogeschool-Den-Bosch-1.png","width":1262,"height":607},{"@type":"BreadcrumbList","@id":"https:\/\/www.qbiq.nl\/de\/einzigartige-fassade-in-der-eingangshalle-der-avans-hogeschool\/#breadcrumb","itemListElement":[{"@type":"ListItem","position":1,"name":"Home","item":"https:\/\/www.qbiq.nl\/de\/"},{"@type":"ListItem","position":2,"name":"Einzigartige Fassade in der Eingangshalle der Avans Hogeschool"}]},{"@type":"WebSite","@id":"https:\/\/www.qbiq.nl\/?lang=en\/#website","url":"https:\/\/www.qbiq.nl\/?lang=en\/","name":"QbiQ Wall Systems","description":"QbiQ geeft iQ de ruimte","publisher":{"@id":"https:\/\/www.qbiq.nl\/?lang=en\/#organization"},"potentialAction":[{"@type":"SearchAction","target":{"@type":"EntryPoint","urlTemplate":"https:\/\/www.qbiq.nl\/?lang=en\/?s={search_term_string}"},"query-input":{"@type":"PropertyValueSpecification","valueRequired":true,"valueName":"search_term_string"}}],"inLanguage":"de"},{"@type":"Organization","@id":"https:\/\/www.qbiq.nl\/?lang=en\/#organization","name":"QbiQ Wall Systems","url":"https:\/\/www.qbiq.nl\/de\/","logo":{"@type":"ImageObject","url":"https:\/\/www.qbiq.nl\/wp-content\/themes\/qbiq\/public\/img\/logo.png","width":200,"height":60},"image":{"@id":"https:\/\/www.qbiq.nl\/?lang=en\/#\/schema\/logo\/image\/"},"sameAs":["https:\/\/www.facebook.com\/qbiqwallsystems\/","https:\/\/www.linkedin.com\/company\/qbiqwallsystems","https:\/\/www.youtube.com\/channel\/UC0-xp-sYAd3L3B6q03uvFCQ","https:\/\/www.instagram.com\/qbiqwallsystems\/"],"telephone":"+31 88 50 10 500","address":{"@type":"PostalAddress","streetAddress":"Poppenbouwing 26","addressLocality":"Nieuwegein","postalCode":"3431 HP","addressCountry":"NL"}},{"@type":"Person","@id":"https:\/\/www.qbiq.nl\/?lang=en\/#\/schema\/person\/9566c9c902b2839e85659a9d68ae761f","name":"Rob Groen","image":{"@type":"ImageObject","inLanguage":"de","@id":"https:\/\/secure.gravatar.com\/avatar\/b9506609bdc034c3ffd1ce1f8b5815b408a2e804369601f496a985e2206d087f?s=96&d=mm&r=g","url":"https:\/\/secure.gravatar.com\/avatar\/b9506609bdc034c3ffd1ce1f8b5815b408a2e804369601f496a985e2206d087f?s=96&d=mm&r=g","contentUrl":"https:\/\/secure.gravatar.com\/avatar\/b9506609bdc034c3ffd1ce1f8b5815b408a2e804369601f496a985e2206d087f?s=96&d=mm&r=g","caption":"Rob Groen"},"sameAs":["https:\/\/www.qbiq.nl"],"url":"https:\/\/www.qbiq.nl\/de\/author\/qbiq\/"}]}},"_links":{"self":[{"href":"https:\/\/www.qbiq.nl\/de\/wp-json\/wp\/v2\/posts\/1417","targetHints":{"allow":["GET"]}}],"collection":[{"href":"https:\/\/www.qbiq.nl\/de\/wp-json\/wp\/v2\/posts"}],"about":[{"href":"https:\/\/www.qbiq.nl\/de\/wp-json\/wp\/v2\/types\/post"}],"author":[{"embeddable":true,"href":"https:\/\/www.qbiq.nl\/de\/wp-json\/wp\/v2\/users\/4"}],"replies":[{"embeddable":true,"href":"https:\/\/www.qbiq.nl\/de\/wp-json\/wp\/v2\/comments?post=1417"}],"version-history":[{"count":2,"href":"https:\/\/www.qbiq.nl\/de\/wp-json\/wp\/v2\/posts\/1417\/revisions"}],"predecessor-version":[{"id":1419,"href":"https:\/\/www.qbiq.nl\/de\/wp-json\/wp\/v2\/posts\/1417\/revisions\/1419"}],"wp:featuredmedia":[{"embeddable":true,"href":"https:\/\/www.qbiq.nl\/de\/wp-json\/wp\/v2\/media\/920"}],"wp:attachment":[{"href":"https:\/\/www.qbiq.nl\/de\/wp-json\/wp\/v2\/media?parent=1417"}],"wp:term":[{"taxonomy":"category","embeddable":true,"href":"https:\/\/www.qbiq.nl\/de\/wp-json\/wp\/v2\/categories?post=1417"},{"taxonomy":"post_tag","embeddable":true,"href":"https:\/\/www.qbiq.nl\/de\/wp-json\/wp\/v2\/tags?post=1417"}],"curies":[{"name":"wp","href":"https:\/\/api.w.org\/{rel}","templated":true}]}}