{"id":3049,"date":"2019-05-02T16:31:47","date_gmt":"2019-05-02T14:31:47","guid":{"rendered":"https:\/\/www.qbiq.nl\/?p=3049"},"modified":"2019-05-02T16:33:50","modified_gmt":"2019-05-02T14:33:50","slug":"qbiq-group-schliesst-sich-indutrade-benelux-an","status":"publish","type":"post","link":"https:\/\/www.qbiq.nl\/de\/qbiq-group-schliesst-sich-indutrade-benelux-an\/","title":{"rendered":"QbiQ Group schlie\u00dft sich Indutrade Benelux an"},"content":{"rendered":"<p><strong>Die QbiQ Group B.V. hat sich der Unternehmensgruppe Indutrade Benelux angeschlossen. <\/strong><strong>Am 26. <\/strong><strong>April 2019 unterzeichneten Kim Zandbergen (Managing Director QbiQ Group) und Robert Timmer (CEO Indutrade Benelux) den diesbez\u00fcglichen Vertrag. Die QbiQ Group besteht aus verschiedenen Unternehmen, die auf mobile Systemw\u00e4nde, Glasw\u00e4nde, feuerbest\u00e4ndige W\u00e4nde und Stahlprofilrahmen spezialisiert sind; zu ihr geh\u00f6ren QbiQ B.V. in Alphen aan den Rijn und Plooijer Zaandam B.V. <\/strong><\/p>\n<p><strong>Nachhaltige Wandkonzepte<\/strong><br \/>\nDie Unternehmen der QbiQ Group entwerfen, entwickeln und produzieren sowohl feuerbest\u00e4ndige als auch schallisolierende Wandkonzepte, wobei die minimalistischen und transparenten Wandl\u00f6sungen den heutigen architektonischen Anforderungen und Bed\u00fcrfnissen perfekt entsprechen. Dabei liegt der Fokus auf Nachhaltigkeit und zirkul\u00e4rer Produktion. Die Technik der Wandsysteme beinhaltet eine Herstellung, bei der sehr effizient mit Grundstoffen umgegangen wird. Au\u00dferdem sind die QbiQ-Wandkonzepte Cradle to Cradle-zertifiziert.<\/p>\n<p>Die QbiQ Group richtet sich sowohl auf den Neubau- als auch auf den Renovierungsmarkt. Das Unternehmen arbeitet eng mit einem Architektennetzwerk zusammen. Bei der QbiQ Group sind ungef\u00e4hr 80 Mitarbeiter besch\u00e4ftigt, ihr Nettoumsatz betr\u00e4gt ca. 30 Millionen Euro.<\/p>\n<p><strong>Indutrade<\/strong><br \/>\nZur Indutrade Benelux-Holding geh\u00f6ren in den Benelux-L\u00e4ndern ans\u00e4ssige Unternehmen der b\u00f6rsennotierten schwedischen Indutrade AB. Indutrade richtet sich auf hochwertige Technologien f\u00fcr industrielle Nischenanwendungen. Die angeschlossenen Unternehmen bringen technische Komponenten und Systeme auf den Markt und sind im Servicebereich t\u00e4tig.<\/p>\n<p>Das Ziel von Indutrade ist es, gemeinsam mit Unternehmen zu wachsen, wobei der Fokus auf technischem Know-how, Kundenorientierung und einer lokalen Infrastruktur liegt. Die dezentrale Struktur bildet den Mittelpunkt der Unternehmenskultur und -strategie. Dadurch behalten die angeschlossenen Unternehmen ihre Identit\u00e4t und Autonomie. Diese Freiheit steht an der Wiege des Unternehmergeistes dieser Organisation.<\/p>\n<p>Die Indutrade Benelux-Holding bietet Unterst\u00fctzung auf dem Gebiet von industriellem Know-how, Finanzen, Entwicklung und Management. Die Tochterunternehmen profitieren untereinander von Benchmarking und dem informellen Erfahrungs- und Wissensaustausch.<\/p>\n<p>&nbsp;<\/p>\n<p>&nbsp;<\/p>\n<p><img loading=\"lazy\" decoding=\"async\" class=\"aligncenter size-full wp-image-3021\" src=\"\/wp-content\/uploads\/2019\/04\/Indutrade_QbiQ_2019.jpg\" alt=\"\" width=\"800\" height=\"506\" srcset=\"https:\/\/www.qbiq.nl\/wp-content\/uploads\/2019\/04\/Indutrade_QbiQ_2019.jpg 800w, https:\/\/www.qbiq.nl\/wp-content\/uploads\/2019\/04\/Indutrade_QbiQ_2019-300x190.jpg 300w, https:\/\/www.qbiq.nl\/wp-content\/uploads\/2019\/04\/Indutrade_QbiQ_2019-768x486.jpg 768w\" sizes=\"auto, (max-width: 800px) 100vw, 800px\" \/><\/p>\n","protected":false},"excerpt":{"rendered":"<p>Die QbiQ Group B.V. hat sich der Unternehmensgruppe Indutrade Benelux angeschlossen. Am 26. April 2019 unterzeichneten Kim Zandbergen (Managing Director QbiQ Group) und Robert Timmer (CEO Indutrade Benelux) den diesbez\u00fcglichen Vertrag. Die QbiQ Group besteht aus verschiedenen Unternehmen, die auf mobile Systemw\u00e4nde, Glasw\u00e4nde, feuerbest\u00e4ndige W\u00e4nde und Stahlprofilrahmen spezialisiert sind; zu ihr geh\u00f6ren QbiQ B.V. in&#8230;<\/p>\n","protected":false},"author":4,"featured_media":3022,"comment_status":"closed","ping_status":"closed","sticky":false,"template":"","format":"standard","meta":{"_acf_changed":false,"footnotes":""},"categories":[6],"tags":[],"class_list":["post-3049","post","type-post","status-publish","format-standard","has-post-thumbnail","hentry","category-unkategorisiert"],"acf":[],"yoast_head":"<!-- This site is optimized with the Yoast SEO plugin v27.5 - https:\/\/yoast.com\/product\/yoast-seo-wordpress\/ -->\n<title>QbiQ Group schlie\u00dft sich Indutrade Benelux an - QbiQ Wall Systems<\/title>\n<meta name=\"robots\" content=\"index, follow, max-snippet:-1, max-image-preview:large, max-video-preview:-1\" \/>\n<link rel=\"canonical\" href=\"https:\/\/www.qbiq.nl\/qbiq-group-schliesst-sich-indutrade-benelux-an\/?lang=de\" \/>\n<meta property=\"og:locale\" content=\"de_DE\" \/>\n<meta property=\"og:type\" content=\"article\" \/>\n<meta property=\"og:title\" content=\"QbiQ Group schlie\u00dft sich Indutrade Benelux an - QbiQ Wall Systems\" \/>\n<meta property=\"og:description\" content=\"Die QbiQ Group B.V. hat sich der Unternehmensgruppe Indutrade Benelux angeschlossen. Am 26. April 2019 unterzeichneten Kim Zandbergen (Managing Director QbiQ Group) und Robert Timmer (CEO Indutrade Benelux) den diesbez\u00fcglichen Vertrag. Die QbiQ Group besteht aus verschiedenen Unternehmen, die auf mobile Systemw\u00e4nde, Glasw\u00e4nde, feuerbest\u00e4ndige W\u00e4nde und Stahlprofilrahmen spezialisiert sind; zu ihr geh\u00f6ren QbiQ B.V. in...\" \/>\n<meta property=\"og:url\" content=\"https:\/\/www.qbiq.nl\/qbiq-group-schliesst-sich-indutrade-benelux-an\/?lang=de\" \/>\n<meta property=\"og:site_name\" content=\"QbiQ Wall Systems\" \/>\n<meta property=\"article:publisher\" content=\"https:\/\/www.facebook.com\/qbiqwallsystems\" \/>\n<meta property=\"article:published_time\" content=\"2019-05-02T14:31:47+00:00\" \/>\n<meta property=\"article:modified_time\" content=\"2019-05-02T14:33:50+00:00\" \/>\n<meta property=\"og:image\" content=\"https:\/\/www.qbiq.nl\/wp-content\/uploads\/2019\/04\/indutrade_logo.jpg\" \/>\n\t<meta property=\"og:image:width\" content=\"1600\" \/>\n\t<meta property=\"og:image:height\" content=\"836\" \/>\n\t<meta property=\"og:image:type\" content=\"image\/jpeg\" \/>\n<meta name=\"author\" content=\"Rob Groen\" \/>\n<meta name=\"twitter:card\" content=\"summary_large_image\" \/>\n<meta name=\"twitter:creator\" content=\"@QbiQ1\" \/>\n<meta name=\"twitter:site\" content=\"@QbiQ1\" \/>\n<meta name=\"twitter:label1\" content=\"Verfasst von\" \/>\n\t<meta name=\"twitter:data1\" content=\"Rob Groen\" \/>\n\t<meta name=\"twitter:label2\" content=\"Gesch\u00e4tzte Lesezeit\" \/>\n\t<meta name=\"twitter:data2\" content=\"2\u00a0Minuten\" \/>\n<script type=\"application\/ld+json\" class=\"yoast-schema-graph\">{\"@context\":\"https:\\\/\\\/schema.org\",\"@graph\":[{\"@type\":\"Article\",\"@id\":\"https:\\\/\\\/www.qbiq.nl\\\/qbiq-group-schliesst-sich-indutrade-benelux-an\\\/?lang=de#article\",\"isPartOf\":{\"@id\":\"https:\\\/\\\/www.qbiq.nl\\\/qbiq-group-schliesst-sich-indutrade-benelux-an\\\/?lang=de\"},\"author\":{\"name\":\"Rob Groen\",\"@id\":\"https:\\\/\\\/www.qbiq.nl\\\/?lang=en\\\/#\\\/schema\\\/person\\\/9566c9c902b2839e85659a9d68ae761f\"},\"headline\":\"QbiQ Group schlie\u00dft sich Indutrade Benelux an\",\"datePublished\":\"2019-05-02T14:31:47+00:00\",\"dateModified\":\"2019-05-02T14:33:50+00:00\",\"mainEntityOfPage\":{\"@id\":\"https:\\\/\\\/www.qbiq.nl\\\/qbiq-group-schliesst-sich-indutrade-benelux-an\\\/?lang=de\"},\"wordCount\":313,\"publisher\":{\"@id\":\"https:\\\/\\\/www.qbiq.nl\\\/?lang=en\\\/#organization\"},\"image\":{\"@id\":\"https:\\\/\\\/www.qbiq.nl\\\/qbiq-group-schliesst-sich-indutrade-benelux-an\\\/?lang=de#primaryimage\"},\"thumbnailUrl\":\"https:\\\/\\\/www.qbiq.nl\\\/wp-content\\\/uploads\\\/2019\\\/04\\\/indutrade_logo.jpg\",\"articleSection\":[\"Unkategorisiert\"],\"inLanguage\":\"de\"},{\"@type\":\"WebPage\",\"@id\":\"https:\\\/\\\/www.qbiq.nl\\\/qbiq-group-schliesst-sich-indutrade-benelux-an\\\/?lang=de\",\"url\":\"https:\\\/\\\/www.qbiq.nl\\\/qbiq-group-schliesst-sich-indutrade-benelux-an\\\/?lang=de\",\"name\":\"QbiQ Group schlie\u00dft sich Indutrade Benelux an - QbiQ Wall Systems\",\"isPartOf\":{\"@id\":\"https:\\\/\\\/www.qbiq.nl\\\/?lang=en\\\/#website\"},\"primaryImageOfPage\":{\"@id\":\"https:\\\/\\\/www.qbiq.nl\\\/qbiq-group-schliesst-sich-indutrade-benelux-an\\\/?lang=de#primaryimage\"},\"image\":{\"@id\":\"https:\\\/\\\/www.qbiq.nl\\\/qbiq-group-schliesst-sich-indutrade-benelux-an\\\/?lang=de#primaryimage\"},\"thumbnailUrl\":\"https:\\\/\\\/www.qbiq.nl\\\/wp-content\\\/uploads\\\/2019\\\/04\\\/indutrade_logo.jpg\",\"datePublished\":\"2019-05-02T14:31:47+00:00\",\"dateModified\":\"2019-05-02T14:33:50+00:00\",\"breadcrumb\":{\"@id\":\"https:\\\/\\\/www.qbiq.nl\\\/qbiq-group-schliesst-sich-indutrade-benelux-an\\\/?lang=de#breadcrumb\"},\"inLanguage\":\"de\",\"potentialAction\":[{\"@type\":\"ReadAction\",\"target\":[\"https:\\\/\\\/www.qbiq.nl\\\/qbiq-group-schliesst-sich-indutrade-benelux-an\\\/?lang=de\"]}]},{\"@type\":\"ImageObject\",\"inLanguage\":\"de\",\"@id\":\"https:\\\/\\\/www.qbiq.nl\\\/qbiq-group-schliesst-sich-indutrade-benelux-an\\\/?lang=de#primaryimage\",\"url\":\"https:\\\/\\\/www.qbiq.nl\\\/wp-content\\\/uploads\\\/2019\\\/04\\\/indutrade_logo.jpg\",\"contentUrl\":\"https:\\\/\\\/www.qbiq.nl\\\/wp-content\\\/uploads\\\/2019\\\/04\\\/indutrade_logo.jpg\",\"width\":1600,\"height\":836},{\"@type\":\"BreadcrumbList\",\"@id\":\"https:\\\/\\\/www.qbiq.nl\\\/qbiq-group-schliesst-sich-indutrade-benelux-an\\\/?lang=de#breadcrumb\",\"itemListElement\":[{\"@type\":\"ListItem\",\"position\":1,\"name\":\"Home\",\"item\":\"https:\\\/\\\/www.qbiq.nl\\\/de\\\/\"},{\"@type\":\"ListItem\",\"position\":2,\"name\":\"QbiQ Group schlie\u00dft sich Indutrade Benelux an\"}]},{\"@type\":\"WebSite\",\"@id\":\"https:\\\/\\\/www.qbiq.nl\\\/?lang=en\\\/#website\",\"url\":\"https:\\\/\\\/www.qbiq.nl\\\/?lang=en\\\/\",\"name\":\"QbiQ Wall Systems\",\"description\":\"QbiQ geeft iQ de ruimte\",\"publisher\":{\"@id\":\"https:\\\/\\\/www.qbiq.nl\\\/?lang=en\\\/#organization\"},\"potentialAction\":[{\"@type\":\"SearchAction\",\"target\":{\"@type\":\"EntryPoint\",\"urlTemplate\":\"https:\\\/\\\/www.qbiq.nl\\\/?lang=en\\\/?s={search_term_string}\"},\"query-input\":{\"@type\":\"PropertyValueSpecification\",\"valueRequired\":true,\"valueName\":\"search_term_string\"}}],\"inLanguage\":\"de\"},{\"@type\":\"Organization\",\"@id\":\"https:\\\/\\\/www.qbiq.nl\\\/?lang=en\\\/#organization\",\"name\":\"QbiQ Wall Systems\",\"url\":\"https:\\\/\\\/www.qbiq.nl\\\/de\\\/\",\"logo\":{\"@type\":\"ImageObject\",\"url\":\"https:\\\/\\\/www.qbiq.nl\\\/wp-content\\\/themes\\\/qbiq\\\/public\\\/img\\\/logo.png\",\"width\":200,\"height\":60},\"image\":{\"@id\":\"https:\\\/\\\/www.qbiq.nl\\\/?lang=en\\\/#\\\/schema\\\/logo\\\/image\\\/\"},\"sameAs\":[\"https:\\\/\\\/www.facebook.com\\\/qbiqwallsystems\\\/\",\"https:\\\/\\\/www.linkedin.com\\\/company\\\/qbiqwallsystems\",\"https:\\\/\\\/www.youtube.com\\\/channel\\\/UC0-xp-sYAd3L3B6q03uvFCQ\",\"https:\\\/\\\/www.instagram.com\\\/qbiqwallsystems\\\/\"],\"telephone\":\"+31 88 50 10 500\",\"address\":{\"@type\":\"PostalAddress\",\"streetAddress\":\"Poppenbouwing 26\",\"addressLocality\":\"Nieuwegein\",\"postalCode\":\"3431 HP\",\"addressCountry\":\"NL\"}},{\"@type\":\"Person\",\"@id\":\"https:\\\/\\\/www.qbiq.nl\\\/?lang=en\\\/#\\\/schema\\\/person\\\/9566c9c902b2839e85659a9d68ae761f\",\"name\":\"Rob Groen\",\"image\":{\"@type\":\"ImageObject\",\"inLanguage\":\"de\",\"@id\":\"https:\\\/\\\/secure.gravatar.com\\\/avatar\\\/b9506609bdc034c3ffd1ce1f8b5815b408a2e804369601f496a985e2206d087f?s=96&d=mm&r=g\",\"url\":\"https:\\\/\\\/secure.gravatar.com\\\/avatar\\\/b9506609bdc034c3ffd1ce1f8b5815b408a2e804369601f496a985e2206d087f?s=96&d=mm&r=g\",\"contentUrl\":\"https:\\\/\\\/secure.gravatar.com\\\/avatar\\\/b9506609bdc034c3ffd1ce1f8b5815b408a2e804369601f496a985e2206d087f?s=96&d=mm&r=g\",\"caption\":\"Rob Groen\"},\"sameAs\":[\"https:\\\/\\\/www.qbiq.nl\"],\"url\":\"https:\\\/\\\/www.qbiq.nl\\\/de\\\/author\\\/qbiq\\\/\"}]}<\/script>\n<!-- \/ Yoast SEO plugin. -->","yoast_head_json":{"title":"QbiQ Group schlie\u00dft sich Indutrade Benelux an - QbiQ Wall Systems","robots":{"index":"index","follow":"follow","max-snippet":"max-snippet:-1","max-image-preview":"max-image-preview:large","max-video-preview":"max-video-preview:-1"},"canonical":"https:\/\/www.qbiq.nl\/qbiq-group-schliesst-sich-indutrade-benelux-an\/?lang=de","og_locale":"de_DE","og_type":"article","og_title":"QbiQ Group schlie\u00dft sich Indutrade Benelux an - QbiQ Wall Systems","og_description":"Die QbiQ Group B.V. hat sich der Unternehmensgruppe Indutrade Benelux angeschlossen. Am 26. April 2019 unterzeichneten Kim Zandbergen (Managing Director QbiQ Group) und Robert Timmer (CEO Indutrade Benelux) den diesbez\u00fcglichen Vertrag. Die QbiQ Group besteht aus verschiedenen Unternehmen, die auf mobile Systemw\u00e4nde, Glasw\u00e4nde, feuerbest\u00e4ndige W\u00e4nde und Stahlprofilrahmen spezialisiert sind; zu ihr geh\u00f6ren QbiQ B.V. in...","og_url":"https:\/\/www.qbiq.nl\/qbiq-group-schliesst-sich-indutrade-benelux-an\/?lang=de","og_site_name":"QbiQ Wall Systems","article_publisher":"https:\/\/www.facebook.com\/qbiqwallsystems","article_published_time":"2019-05-02T14:31:47+00:00","article_modified_time":"2019-05-02T14:33:50+00:00","og_image":[{"width":1600,"height":836,"url":"https:\/\/www.qbiq.nl\/wp-content\/uploads\/2019\/04\/indutrade_logo.jpg","type":"image\/jpeg"}],"author":"Rob Groen","twitter_card":"summary_large_image","twitter_creator":"@QbiQ1","twitter_site":"@QbiQ1","twitter_misc":{"Verfasst von":"Rob Groen","Gesch\u00e4tzte Lesezeit":"2\u00a0Minuten"},"schema":{"@context":"https:\/\/schema.org","@graph":[{"@type":"Article","@id":"https:\/\/www.qbiq.nl\/qbiq-group-schliesst-sich-indutrade-benelux-an\/?lang=de#article","isPartOf":{"@id":"https:\/\/www.qbiq.nl\/qbiq-group-schliesst-sich-indutrade-benelux-an\/?lang=de"},"author":{"name":"Rob Groen","@id":"https:\/\/www.qbiq.nl\/?lang=en\/#\/schema\/person\/9566c9c902b2839e85659a9d68ae761f"},"headline":"QbiQ Group schlie\u00dft sich Indutrade Benelux an","datePublished":"2019-05-02T14:31:47+00:00","dateModified":"2019-05-02T14:33:50+00:00","mainEntityOfPage":{"@id":"https:\/\/www.qbiq.nl\/qbiq-group-schliesst-sich-indutrade-benelux-an\/?lang=de"},"wordCount":313,"publisher":{"@id":"https:\/\/www.qbiq.nl\/?lang=en\/#organization"},"image":{"@id":"https:\/\/www.qbiq.nl\/qbiq-group-schliesst-sich-indutrade-benelux-an\/?lang=de#primaryimage"},"thumbnailUrl":"https:\/\/www.qbiq.nl\/wp-content\/uploads\/2019\/04\/indutrade_logo.jpg","articleSection":["Unkategorisiert"],"inLanguage":"de"},{"@type":"WebPage","@id":"https:\/\/www.qbiq.nl\/qbiq-group-schliesst-sich-indutrade-benelux-an\/?lang=de","url":"https:\/\/www.qbiq.nl\/qbiq-group-schliesst-sich-indutrade-benelux-an\/?lang=de","name":"QbiQ Group schlie\u00dft sich Indutrade Benelux an - QbiQ Wall Systems","isPartOf":{"@id":"https:\/\/www.qbiq.nl\/?lang=en\/#website"},"primaryImageOfPage":{"@id":"https:\/\/www.qbiq.nl\/qbiq-group-schliesst-sich-indutrade-benelux-an\/?lang=de#primaryimage"},"image":{"@id":"https:\/\/www.qbiq.nl\/qbiq-group-schliesst-sich-indutrade-benelux-an\/?lang=de#primaryimage"},"thumbnailUrl":"https:\/\/www.qbiq.nl\/wp-content\/uploads\/2019\/04\/indutrade_logo.jpg","datePublished":"2019-05-02T14:31:47+00:00","dateModified":"2019-05-02T14:33:50+00:00","breadcrumb":{"@id":"https:\/\/www.qbiq.nl\/qbiq-group-schliesst-sich-indutrade-benelux-an\/?lang=de#breadcrumb"},"inLanguage":"de","potentialAction":[{"@type":"ReadAction","target":["https:\/\/www.qbiq.nl\/qbiq-group-schliesst-sich-indutrade-benelux-an\/?lang=de"]}]},{"@type":"ImageObject","inLanguage":"de","@id":"https:\/\/www.qbiq.nl\/qbiq-group-schliesst-sich-indutrade-benelux-an\/?lang=de#primaryimage","url":"https:\/\/www.qbiq.nl\/wp-content\/uploads\/2019\/04\/indutrade_logo.jpg","contentUrl":"https:\/\/www.qbiq.nl\/wp-content\/uploads\/2019\/04\/indutrade_logo.jpg","width":1600,"height":836},{"@type":"BreadcrumbList","@id":"https:\/\/www.qbiq.nl\/qbiq-group-schliesst-sich-indutrade-benelux-an\/?lang=de#breadcrumb","itemListElement":[{"@type":"ListItem","position":1,"name":"Home","item":"https:\/\/www.qbiq.nl\/de\/"},{"@type":"ListItem","position":2,"name":"QbiQ Group schlie\u00dft sich Indutrade Benelux an"}]},{"@type":"WebSite","@id":"https:\/\/www.qbiq.nl\/?lang=en\/#website","url":"https:\/\/www.qbiq.nl\/?lang=en\/","name":"QbiQ Wall Systems","description":"QbiQ geeft iQ de ruimte","publisher":{"@id":"https:\/\/www.qbiq.nl\/?lang=en\/#organization"},"potentialAction":[{"@type":"SearchAction","target":{"@type":"EntryPoint","urlTemplate":"https:\/\/www.qbiq.nl\/?lang=en\/?s={search_term_string}"},"query-input":{"@type":"PropertyValueSpecification","valueRequired":true,"valueName":"search_term_string"}}],"inLanguage":"de"},{"@type":"Organization","@id":"https:\/\/www.qbiq.nl\/?lang=en\/#organization","name":"QbiQ Wall Systems","url":"https:\/\/www.qbiq.nl\/de\/","logo":{"@type":"ImageObject","url":"https:\/\/www.qbiq.nl\/wp-content\/themes\/qbiq\/public\/img\/logo.png","width":200,"height":60},"image":{"@id":"https:\/\/www.qbiq.nl\/?lang=en\/#\/schema\/logo\/image\/"},"sameAs":["https:\/\/www.facebook.com\/qbiqwallsystems\/","https:\/\/www.linkedin.com\/company\/qbiqwallsystems","https:\/\/www.youtube.com\/channel\/UC0-xp-sYAd3L3B6q03uvFCQ","https:\/\/www.instagram.com\/qbiqwallsystems\/"],"telephone":"+31 88 50 10 500","address":{"@type":"PostalAddress","streetAddress":"Poppenbouwing 26","addressLocality":"Nieuwegein","postalCode":"3431 HP","addressCountry":"NL"}},{"@type":"Person","@id":"https:\/\/www.qbiq.nl\/?lang=en\/#\/schema\/person\/9566c9c902b2839e85659a9d68ae761f","name":"Rob Groen","image":{"@type":"ImageObject","inLanguage":"de","@id":"https:\/\/secure.gravatar.com\/avatar\/b9506609bdc034c3ffd1ce1f8b5815b408a2e804369601f496a985e2206d087f?s=96&d=mm&r=g","url":"https:\/\/secure.gravatar.com\/avatar\/b9506609bdc034c3ffd1ce1f8b5815b408a2e804369601f496a985e2206d087f?s=96&d=mm&r=g","contentUrl":"https:\/\/secure.gravatar.com\/avatar\/b9506609bdc034c3ffd1ce1f8b5815b408a2e804369601f496a985e2206d087f?s=96&d=mm&r=g","caption":"Rob Groen"},"sameAs":["https:\/\/www.qbiq.nl"],"url":"https:\/\/www.qbiq.nl\/de\/author\/qbiq\/"}]}},"_links":{"self":[{"href":"https:\/\/www.qbiq.nl\/de\/wp-json\/wp\/v2\/posts\/3049","targetHints":{"allow":["GET"]}}],"collection":[{"href":"https:\/\/www.qbiq.nl\/de\/wp-json\/wp\/v2\/posts"}],"about":[{"href":"https:\/\/www.qbiq.nl\/de\/wp-json\/wp\/v2\/types\/post"}],"author":[{"embeddable":true,"href":"https:\/\/www.qbiq.nl\/de\/wp-json\/wp\/v2\/users\/4"}],"replies":[{"embeddable":true,"href":"https:\/\/www.qbiq.nl\/de\/wp-json\/wp\/v2\/comments?post=3049"}],"version-history":[{"count":1,"href":"https:\/\/www.qbiq.nl\/de\/wp-json\/wp\/v2\/posts\/3049\/revisions"}],"predecessor-version":[{"id":3050,"href":"https:\/\/www.qbiq.nl\/de\/wp-json\/wp\/v2\/posts\/3049\/revisions\/3050"}],"wp:featuredmedia":[{"embeddable":true,"href":"https:\/\/www.qbiq.nl\/de\/wp-json\/wp\/v2\/media\/3022"}],"wp:attachment":[{"href":"https:\/\/www.qbiq.nl\/de\/wp-json\/wp\/v2\/media?parent=3049"}],"wp:term":[{"taxonomy":"category","embeddable":true,"href":"https:\/\/www.qbiq.nl\/de\/wp-json\/wp\/v2\/categories?post=3049"},{"taxonomy":"post_tag","embeddable":true,"href":"https:\/\/www.qbiq.nl\/de\/wp-json\/wp\/v2\/tags?post=3049"}],"curies":[{"name":"wp","href":"https:\/\/api.w.org\/{rel}","templated":true}]}}