{"id":1940,"date":"2017-11-16T15:53:45","date_gmt":"2017-11-16T14:53:45","guid":{"rendered":"http:\/\/wpdev.qbiq.nl\/?p=1940"},"modified":"2018-05-04T15:54:57","modified_gmt":"2018-05-04T13:54:57","slug":"facade-unique-dans-le-hall-dentree-avans-hogeschool","status":"publish","type":"post","link":"https:\/\/www.qbiq.nl\/fr\/facade-unique-dans-le-hall-dentree-avans-hogeschool\/","title":{"rendered":"Fa\u00e7ade unique dans le hall d\u2019entr\u00e9e Avans Hogeschool"},"content":{"rendered":"<p>A la demande de la soci\u00e9t\u00e9 de construction Bouwbedrijf Hazenberg, nous sommes occup\u00e9s \u00e0 installer une fa\u00e7ade unique en verre de pas moins de 10 m\u00e8tres d\u2019hauteur. Cette fa\u00e7ade sera install\u00e9e dans le hall d\u2019entr\u00e9e de l\u2019haute-\u00e9cole Avans \u00e0 Den Bosch.<\/p>\n<p>Dans cet atrium magnifique et spacieux, des passerelles au deuxi\u00e8me et au troisi\u00e8me \u00e9tage connectent le bureaux et les locaux des deux ailes. Les passerelles sont situ\u00e9es entre deux fa\u00e7ades compl\u00e8tement en verre dont une forme la fa\u00e7ade ext\u00e9rieure et l\u2019autre la s\u00e9paration avec l\u2019atrium \u00e0 l\u2019int\u00e9rieur. Comme sp\u00e9cialiste de murs int\u00e9rieurs, QbiQ construit la fa\u00e7ade en verre \u00e0 l\u2019int\u00e9rieur. Cette fa\u00e7ade est compos\u00e9e d\u2019une cloison iQ-Single en aluminium avec 122 panneaux en verre. Au total, on utilise 209 m\u00b2 de verre.<\/p>\n<p>Depuis plus de deux ans, notre \u00e9quipe d\u2019ing\u00e9nieurs travaille sur la conception et la m\u00e9canique de cette r\u00e9novation. Selon le planning, ce projet unique sera achev\u00e9 au d\u00e9but de la semaine 48.<\/p>\n","protected":false},"excerpt":{"rendered":"<p>A la demande de la soci\u00e9t\u00e9 de construction Bouwbedrijf Hazenberg, nous sommes occup\u00e9s \u00e0 installer une fa\u00e7ade unique en verre de pas moins de 10 m\u00e8tres d\u2019hauteur. Cette fa\u00e7ade sera install\u00e9e dans le hall d\u2019entr\u00e9e de l\u2019haute-\u00e9cole Avans \u00e0 Den Bosch. Dans cet atrium magnifique et spacieux, des passerelles au deuxi\u00e8me et au troisi\u00e8me \u00e9tage&#8230;<\/p>\n","protected":false},"author":4,"featured_media":920,"comment_status":"closed","ping_status":"closed","sticky":false,"template":"","format":"standard","meta":{"_acf_changed":false,"footnotes":""},"categories":[7],"tags":[],"class_list":["post-1940","post","type-post","status-publish","format-standard","has-post-thumbnail","hentry","category-non-classifiee"],"acf":[],"yoast_head":"<!-- This site is optimized with the Yoast SEO plugin v27.5 - https:\/\/yoast.com\/product\/yoast-seo-wordpress\/ -->\n<title>Fa\u00e7ade unique dans le hall d\u2019entr\u00e9e Avans Hogeschool - QbiQ Wall Systems<\/title>\n<meta name=\"robots\" content=\"index, follow, max-snippet:-1, max-image-preview:large, max-video-preview:-1\" \/>\n<link rel=\"canonical\" href=\"https:\/\/www.qbiq.nl\/fr\/facade-unique-dans-le-hall-dentree-avans-hogeschool\/\" \/>\n<meta property=\"og:locale\" content=\"fr_FR\" \/>\n<meta property=\"og:type\" content=\"article\" \/>\n<meta property=\"og:title\" content=\"Fa\u00e7ade unique dans le hall d\u2019entr\u00e9e Avans Hogeschool - QbiQ Wall Systems\" \/>\n<meta property=\"og:description\" content=\"A la demande de la soci\u00e9t\u00e9 de construction Bouwbedrijf Hazenberg, nous sommes occup\u00e9s \u00e0 installer une fa\u00e7ade unique en verre de pas moins de 10 m\u00e8tres d\u2019hauteur. Cette fa\u00e7ade sera install\u00e9e dans le hall d\u2019entr\u00e9e de l\u2019haute-\u00e9cole Avans \u00e0 Den Bosch. Dans cet atrium magnifique et spacieux, des passerelles au deuxi\u00e8me et au troisi\u00e8me \u00e9tage...\" \/>\n<meta property=\"og:url\" content=\"https:\/\/www.qbiq.nl\/fr\/facade-unique-dans-le-hall-dentree-avans-hogeschool\/\" \/>\n<meta property=\"og:site_name\" content=\"QbiQ Wall Systems\" \/>\n<meta property=\"article:publisher\" content=\"https:\/\/www.facebook.com\/qbiqwallsystems\" \/>\n<meta property=\"article:published_time\" content=\"2017-11-16T14:53:45+00:00\" \/>\n<meta property=\"article:modified_time\" content=\"2018-05-04T13:54:57+00:00\" \/>\n<meta property=\"og:image\" content=\"https:\/\/www.qbiq.nl\/wp-content\/uploads\/2017\/11\/Avans-Hoogeschool-Den-Bosch-1.png\" \/>\n\t<meta property=\"og:image:width\" content=\"1262\" \/>\n\t<meta property=\"og:image:height\" content=\"607\" \/>\n\t<meta property=\"og:image:type\" content=\"image\/png\" \/>\n<meta name=\"author\" content=\"Rob Groen\" \/>\n<meta name=\"twitter:card\" content=\"summary_large_image\" \/>\n<meta name=\"twitter:creator\" content=\"@QbiQ1\" \/>\n<meta name=\"twitter:site\" content=\"@QbiQ1\" \/>\n<meta name=\"twitter:label1\" content=\"\u00c9crit par\" \/>\n\t<meta name=\"twitter:data1\" content=\"Rob Groen\" \/>\n\t<meta name=\"twitter:label2\" content=\"Dur\u00e9e de lecture estim\u00e9e\" \/>\n\t<meta name=\"twitter:data2\" content=\"1 minute\" \/>\n<script type=\"application\/ld+json\" class=\"yoast-schema-graph\">{\"@context\":\"https:\\\/\\\/schema.org\",\"@graph\":[{\"@type\":\"Article\",\"@id\":\"https:\\\/\\\/www.qbiq.nl\\\/fr\\\/facade-unique-dans-le-hall-dentree-avans-hogeschool\\\/#article\",\"isPartOf\":{\"@id\":\"https:\\\/\\\/www.qbiq.nl\\\/fr\\\/facade-unique-dans-le-hall-dentree-avans-hogeschool\\\/\"},\"author\":{\"name\":\"Rob Groen\",\"@id\":\"https:\\\/\\\/www.qbiq.nl\\\/?lang=en\\\/#\\\/schema\\\/person\\\/9566c9c902b2839e85659a9d68ae761f\"},\"headline\":\"Fa\u00e7ade unique dans le hall d\u2019entr\u00e9e Avans Hogeschool\",\"datePublished\":\"2017-11-16T14:53:45+00:00\",\"dateModified\":\"2018-05-04T13:54:57+00:00\",\"mainEntityOfPage\":{\"@id\":\"https:\\\/\\\/www.qbiq.nl\\\/fr\\\/facade-unique-dans-le-hall-dentree-avans-hogeschool\\\/\"},\"wordCount\":194,\"publisher\":{\"@id\":\"https:\\\/\\\/www.qbiq.nl\\\/?lang=en\\\/#organization\"},\"image\":{\"@id\":\"https:\\\/\\\/www.qbiq.nl\\\/fr\\\/facade-unique-dans-le-hall-dentree-avans-hogeschool\\\/#primaryimage\"},\"thumbnailUrl\":\"https:\\\/\\\/www.qbiq.nl\\\/wp-content\\\/uploads\\\/2017\\\/11\\\/Avans-Hoogeschool-Den-Bosch-1.png\",\"articleSection\":[\"Non classifi\u00e9(e)\"],\"inLanguage\":\"fr-FR\"},{\"@type\":\"WebPage\",\"@id\":\"https:\\\/\\\/www.qbiq.nl\\\/fr\\\/facade-unique-dans-le-hall-dentree-avans-hogeschool\\\/\",\"url\":\"https:\\\/\\\/www.qbiq.nl\\\/fr\\\/facade-unique-dans-le-hall-dentree-avans-hogeschool\\\/\",\"name\":\"Fa\u00e7ade unique dans le hall d\u2019entr\u00e9e Avans Hogeschool - QbiQ Wall Systems\",\"isPartOf\":{\"@id\":\"https:\\\/\\\/www.qbiq.nl\\\/?lang=en\\\/#website\"},\"primaryImageOfPage\":{\"@id\":\"https:\\\/\\\/www.qbiq.nl\\\/fr\\\/facade-unique-dans-le-hall-dentree-avans-hogeschool\\\/#primaryimage\"},\"image\":{\"@id\":\"https:\\\/\\\/www.qbiq.nl\\\/fr\\\/facade-unique-dans-le-hall-dentree-avans-hogeschool\\\/#primaryimage\"},\"thumbnailUrl\":\"https:\\\/\\\/www.qbiq.nl\\\/wp-content\\\/uploads\\\/2017\\\/11\\\/Avans-Hoogeschool-Den-Bosch-1.png\",\"datePublished\":\"2017-11-16T14:53:45+00:00\",\"dateModified\":\"2018-05-04T13:54:57+00:00\",\"breadcrumb\":{\"@id\":\"https:\\\/\\\/www.qbiq.nl\\\/fr\\\/facade-unique-dans-le-hall-dentree-avans-hogeschool\\\/#breadcrumb\"},\"inLanguage\":\"fr-FR\",\"potentialAction\":[{\"@type\":\"ReadAction\",\"target\":[\"https:\\\/\\\/www.qbiq.nl\\\/fr\\\/facade-unique-dans-le-hall-dentree-avans-hogeschool\\\/\"]}]},{\"@type\":\"ImageObject\",\"inLanguage\":\"fr-FR\",\"@id\":\"https:\\\/\\\/www.qbiq.nl\\\/fr\\\/facade-unique-dans-le-hall-dentree-avans-hogeschool\\\/#primaryimage\",\"url\":\"https:\\\/\\\/www.qbiq.nl\\\/wp-content\\\/uploads\\\/2017\\\/11\\\/Avans-Hoogeschool-Den-Bosch-1.png\",\"contentUrl\":\"https:\\\/\\\/www.qbiq.nl\\\/wp-content\\\/uploads\\\/2017\\\/11\\\/Avans-Hoogeschool-Den-Bosch-1.png\",\"width\":1262,\"height\":607},{\"@type\":\"BreadcrumbList\",\"@id\":\"https:\\\/\\\/www.qbiq.nl\\\/fr\\\/facade-unique-dans-le-hall-dentree-avans-hogeschool\\\/#breadcrumb\",\"itemListElement\":[{\"@type\":\"ListItem\",\"position\":1,\"name\":\"Home\",\"item\":\"https:\\\/\\\/www.qbiq.nl\\\/fr\\\/\"},{\"@type\":\"ListItem\",\"position\":2,\"name\":\"Fa\u00e7ade unique dans le hall d\u2019entr\u00e9e Avans Hogeschool\"}]},{\"@type\":\"WebSite\",\"@id\":\"https:\\\/\\\/www.qbiq.nl\\\/?lang=en\\\/#website\",\"url\":\"https:\\\/\\\/www.qbiq.nl\\\/?lang=en\\\/\",\"name\":\"QbiQ Wall Systems\",\"description\":\"QbiQ geeft iQ de ruimte\",\"publisher\":{\"@id\":\"https:\\\/\\\/www.qbiq.nl\\\/?lang=en\\\/#organization\"},\"potentialAction\":[{\"@type\":\"SearchAction\",\"target\":{\"@type\":\"EntryPoint\",\"urlTemplate\":\"https:\\\/\\\/www.qbiq.nl\\\/?lang=en\\\/?s={search_term_string}\"},\"query-input\":{\"@type\":\"PropertyValueSpecification\",\"valueRequired\":true,\"valueName\":\"search_term_string\"}}],\"inLanguage\":\"fr-FR\"},{\"@type\":\"Organization\",\"@id\":\"https:\\\/\\\/www.qbiq.nl\\\/?lang=en\\\/#organization\",\"name\":\"QbiQ Wall Systems\",\"url\":\"https:\\\/\\\/www.qbiq.nl\\\/fr\\\/\",\"logo\":{\"@type\":\"ImageObject\",\"url\":\"https:\\\/\\\/www.qbiq.nl\\\/wp-content\\\/themes\\\/qbiq\\\/public\\\/img\\\/logo.png\",\"width\":200,\"height\":60},\"image\":{\"@id\":\"https:\\\/\\\/www.qbiq.nl\\\/?lang=en\\\/#\\\/schema\\\/logo\\\/image\\\/\"},\"sameAs\":[\"https:\\\/\\\/www.facebook.com\\\/qbiqwallsystems\\\/\",\"https:\\\/\\\/www.linkedin.com\\\/company\\\/qbiqwallsystems\",\"https:\\\/\\\/www.youtube.com\\\/channel\\\/UC0-xp-sYAd3L3B6q03uvFCQ\",\"https:\\\/\\\/www.instagram.com\\\/qbiqwallsystems\\\/\"],\"telephone\":\"+31 88 50 10 500\",\"address\":{\"@type\":\"PostalAddress\",\"streetAddress\":\"Poppenbouwing 26\",\"addressLocality\":\"Nieuwegein\",\"postalCode\":\"3431 HP\",\"addressCountry\":\"NL\"}},{\"@type\":\"Person\",\"@id\":\"https:\\\/\\\/www.qbiq.nl\\\/?lang=en\\\/#\\\/schema\\\/person\\\/9566c9c902b2839e85659a9d68ae761f\",\"name\":\"Rob Groen\",\"image\":{\"@type\":\"ImageObject\",\"inLanguage\":\"fr-FR\",\"@id\":\"https:\\\/\\\/secure.gravatar.com\\\/avatar\\\/b9506609bdc034c3ffd1ce1f8b5815b408a2e804369601f496a985e2206d087f?s=96&d=mm&r=g\",\"url\":\"https:\\\/\\\/secure.gravatar.com\\\/avatar\\\/b9506609bdc034c3ffd1ce1f8b5815b408a2e804369601f496a985e2206d087f?s=96&d=mm&r=g\",\"contentUrl\":\"https:\\\/\\\/secure.gravatar.com\\\/avatar\\\/b9506609bdc034c3ffd1ce1f8b5815b408a2e804369601f496a985e2206d087f?s=96&d=mm&r=g\",\"caption\":\"Rob Groen\"},\"sameAs\":[\"https:\\\/\\\/www.qbiq.nl\"],\"url\":\"https:\\\/\\\/www.qbiq.nl\\\/fr\\\/author\\\/qbiq\\\/\"}]}<\/script>\n<!-- \/ Yoast SEO plugin. -->","yoast_head_json":{"title":"Fa\u00e7ade unique dans le hall d\u2019entr\u00e9e Avans Hogeschool - QbiQ Wall Systems","robots":{"index":"index","follow":"follow","max-snippet":"max-snippet:-1","max-image-preview":"max-image-preview:large","max-video-preview":"max-video-preview:-1"},"canonical":"https:\/\/www.qbiq.nl\/fr\/facade-unique-dans-le-hall-dentree-avans-hogeschool\/","og_locale":"fr_FR","og_type":"article","og_title":"Fa\u00e7ade unique dans le hall d\u2019entr\u00e9e Avans Hogeschool - QbiQ Wall Systems","og_description":"A la demande de la soci\u00e9t\u00e9 de construction Bouwbedrijf Hazenberg, nous sommes occup\u00e9s \u00e0 installer une fa\u00e7ade unique en verre de pas moins de 10 m\u00e8tres d\u2019hauteur. Cette fa\u00e7ade sera install\u00e9e dans le hall d\u2019entr\u00e9e de l\u2019haute-\u00e9cole Avans \u00e0 Den Bosch. Dans cet atrium magnifique et spacieux, des passerelles au deuxi\u00e8me et au troisi\u00e8me \u00e9tage...","og_url":"https:\/\/www.qbiq.nl\/fr\/facade-unique-dans-le-hall-dentree-avans-hogeschool\/","og_site_name":"QbiQ Wall Systems","article_publisher":"https:\/\/www.facebook.com\/qbiqwallsystems","article_published_time":"2017-11-16T14:53:45+00:00","article_modified_time":"2018-05-04T13:54:57+00:00","og_image":[{"width":1262,"height":607,"url":"https:\/\/www.qbiq.nl\/wp-content\/uploads\/2017\/11\/Avans-Hoogeschool-Den-Bosch-1.png","type":"image\/png"}],"author":"Rob Groen","twitter_card":"summary_large_image","twitter_creator":"@QbiQ1","twitter_site":"@QbiQ1","twitter_misc":{"\u00c9crit par":"Rob Groen","Dur\u00e9e de lecture estim\u00e9e":"1 minute"},"schema":{"@context":"https:\/\/schema.org","@graph":[{"@type":"Article","@id":"https:\/\/www.qbiq.nl\/fr\/facade-unique-dans-le-hall-dentree-avans-hogeschool\/#article","isPartOf":{"@id":"https:\/\/www.qbiq.nl\/fr\/facade-unique-dans-le-hall-dentree-avans-hogeschool\/"},"author":{"name":"Rob Groen","@id":"https:\/\/www.qbiq.nl\/?lang=en\/#\/schema\/person\/9566c9c902b2839e85659a9d68ae761f"},"headline":"Fa\u00e7ade unique dans le hall d\u2019entr\u00e9e Avans Hogeschool","datePublished":"2017-11-16T14:53:45+00:00","dateModified":"2018-05-04T13:54:57+00:00","mainEntityOfPage":{"@id":"https:\/\/www.qbiq.nl\/fr\/facade-unique-dans-le-hall-dentree-avans-hogeschool\/"},"wordCount":194,"publisher":{"@id":"https:\/\/www.qbiq.nl\/?lang=en\/#organization"},"image":{"@id":"https:\/\/www.qbiq.nl\/fr\/facade-unique-dans-le-hall-dentree-avans-hogeschool\/#primaryimage"},"thumbnailUrl":"https:\/\/www.qbiq.nl\/wp-content\/uploads\/2017\/11\/Avans-Hoogeschool-Den-Bosch-1.png","articleSection":["Non classifi\u00e9(e)"],"inLanguage":"fr-FR"},{"@type":"WebPage","@id":"https:\/\/www.qbiq.nl\/fr\/facade-unique-dans-le-hall-dentree-avans-hogeschool\/","url":"https:\/\/www.qbiq.nl\/fr\/facade-unique-dans-le-hall-dentree-avans-hogeschool\/","name":"Fa\u00e7ade unique dans le hall d\u2019entr\u00e9e Avans Hogeschool - QbiQ Wall Systems","isPartOf":{"@id":"https:\/\/www.qbiq.nl\/?lang=en\/#website"},"primaryImageOfPage":{"@id":"https:\/\/www.qbiq.nl\/fr\/facade-unique-dans-le-hall-dentree-avans-hogeschool\/#primaryimage"},"image":{"@id":"https:\/\/www.qbiq.nl\/fr\/facade-unique-dans-le-hall-dentree-avans-hogeschool\/#primaryimage"},"thumbnailUrl":"https:\/\/www.qbiq.nl\/wp-content\/uploads\/2017\/11\/Avans-Hoogeschool-Den-Bosch-1.png","datePublished":"2017-11-16T14:53:45+00:00","dateModified":"2018-05-04T13:54:57+00:00","breadcrumb":{"@id":"https:\/\/www.qbiq.nl\/fr\/facade-unique-dans-le-hall-dentree-avans-hogeschool\/#breadcrumb"},"inLanguage":"fr-FR","potentialAction":[{"@type":"ReadAction","target":["https:\/\/www.qbiq.nl\/fr\/facade-unique-dans-le-hall-dentree-avans-hogeschool\/"]}]},{"@type":"ImageObject","inLanguage":"fr-FR","@id":"https:\/\/www.qbiq.nl\/fr\/facade-unique-dans-le-hall-dentree-avans-hogeschool\/#primaryimage","url":"https:\/\/www.qbiq.nl\/wp-content\/uploads\/2017\/11\/Avans-Hoogeschool-Den-Bosch-1.png","contentUrl":"https:\/\/www.qbiq.nl\/wp-content\/uploads\/2017\/11\/Avans-Hoogeschool-Den-Bosch-1.png","width":1262,"height":607},{"@type":"BreadcrumbList","@id":"https:\/\/www.qbiq.nl\/fr\/facade-unique-dans-le-hall-dentree-avans-hogeschool\/#breadcrumb","itemListElement":[{"@type":"ListItem","position":1,"name":"Home","item":"https:\/\/www.qbiq.nl\/fr\/"},{"@type":"ListItem","position":2,"name":"Fa\u00e7ade unique dans le hall d\u2019entr\u00e9e Avans Hogeschool"}]},{"@type":"WebSite","@id":"https:\/\/www.qbiq.nl\/?lang=en\/#website","url":"https:\/\/www.qbiq.nl\/?lang=en\/","name":"QbiQ Wall Systems","description":"QbiQ geeft iQ de ruimte","publisher":{"@id":"https:\/\/www.qbiq.nl\/?lang=en\/#organization"},"potentialAction":[{"@type":"SearchAction","target":{"@type":"EntryPoint","urlTemplate":"https:\/\/www.qbiq.nl\/?lang=en\/?s={search_term_string}"},"query-input":{"@type":"PropertyValueSpecification","valueRequired":true,"valueName":"search_term_string"}}],"inLanguage":"fr-FR"},{"@type":"Organization","@id":"https:\/\/www.qbiq.nl\/?lang=en\/#organization","name":"QbiQ Wall Systems","url":"https:\/\/www.qbiq.nl\/fr\/","logo":{"@type":"ImageObject","url":"https:\/\/www.qbiq.nl\/wp-content\/themes\/qbiq\/public\/img\/logo.png","width":200,"height":60},"image":{"@id":"https:\/\/www.qbiq.nl\/?lang=en\/#\/schema\/logo\/image\/"},"sameAs":["https:\/\/www.facebook.com\/qbiqwallsystems\/","https:\/\/www.linkedin.com\/company\/qbiqwallsystems","https:\/\/www.youtube.com\/channel\/UC0-xp-sYAd3L3B6q03uvFCQ","https:\/\/www.instagram.com\/qbiqwallsystems\/"],"telephone":"+31 88 50 10 500","address":{"@type":"PostalAddress","streetAddress":"Poppenbouwing 26","addressLocality":"Nieuwegein","postalCode":"3431 HP","addressCountry":"NL"}},{"@type":"Person","@id":"https:\/\/www.qbiq.nl\/?lang=en\/#\/schema\/person\/9566c9c902b2839e85659a9d68ae761f","name":"Rob Groen","image":{"@type":"ImageObject","inLanguage":"fr-FR","@id":"https:\/\/secure.gravatar.com\/avatar\/b9506609bdc034c3ffd1ce1f8b5815b408a2e804369601f496a985e2206d087f?s=96&d=mm&r=g","url":"https:\/\/secure.gravatar.com\/avatar\/b9506609bdc034c3ffd1ce1f8b5815b408a2e804369601f496a985e2206d087f?s=96&d=mm&r=g","contentUrl":"https:\/\/secure.gravatar.com\/avatar\/b9506609bdc034c3ffd1ce1f8b5815b408a2e804369601f496a985e2206d087f?s=96&d=mm&r=g","caption":"Rob Groen"},"sameAs":["https:\/\/www.qbiq.nl"],"url":"https:\/\/www.qbiq.nl\/fr\/author\/qbiq\/"}]}},"_links":{"self":[{"href":"https:\/\/www.qbiq.nl\/fr\/wp-json\/wp\/v2\/posts\/1940","targetHints":{"allow":["GET"]}}],"collection":[{"href":"https:\/\/www.qbiq.nl\/fr\/wp-json\/wp\/v2\/posts"}],"about":[{"href":"https:\/\/www.qbiq.nl\/fr\/wp-json\/wp\/v2\/types\/post"}],"author":[{"embeddable":true,"href":"https:\/\/www.qbiq.nl\/fr\/wp-json\/wp\/v2\/users\/4"}],"replies":[{"embeddable":true,"href":"https:\/\/www.qbiq.nl\/fr\/wp-json\/wp\/v2\/comments?post=1940"}],"version-history":[{"count":1,"href":"https:\/\/www.qbiq.nl\/fr\/wp-json\/wp\/v2\/posts\/1940\/revisions"}],"predecessor-version":[{"id":1941,"href":"https:\/\/www.qbiq.nl\/fr\/wp-json\/wp\/v2\/posts\/1940\/revisions\/1941"}],"wp:featuredmedia":[{"embeddable":true,"href":"https:\/\/www.qbiq.nl\/fr\/wp-json\/wp\/v2\/media\/920"}],"wp:attachment":[{"href":"https:\/\/www.qbiq.nl\/fr\/wp-json\/wp\/v2\/media?parent=1940"}],"wp:term":[{"taxonomy":"category","embeddable":true,"href":"https:\/\/www.qbiq.nl\/fr\/wp-json\/wp\/v2\/categories?post=1940"},{"taxonomy":"post_tag","embeddable":true,"href":"https:\/\/www.qbiq.nl\/fr\/wp-json\/wp\/v2\/tags?post=1940"}],"curies":[{"name":"wp","href":"https:\/\/api.w.org\/{rel}","templated":true}]}}