{"id":1946,"date":"2017-11-03T15:58:17","date_gmt":"2017-11-03T14:58:17","guid":{"rendered":"http:\/\/wpdev.qbiq.nl\/?p=1946"},"modified":"2018-05-04T15:59:20","modified_gmt":"2018-05-04T13:59:20","slug":"visite-de-cradle-to-cradle-cafe-built-positive","status":"publish","type":"post","link":"https:\/\/www.qbiq.nl\/fr\/visite-de-cradle-to-cradle-cafe-built-positive\/","title":{"rendered":"Visite de Cradle to Cradle Caf\u00e9 \u2018Built Positive\u2019"},"content":{"rendered":"<p>Le lundi 23 octobre des architectes se sont r\u00e9unis lors du Dutch Design Week et le s\u00e9minaire C2C \u00ab\u00a0C2C and Built Positive\u00a0\u00bb.<\/p>\n<p>L\u2019\u00e9l\u00e9ment central \u00e9tait le processus de penser, de concevoir et de prendre des initiatives au niveau du choix de mat\u00e9riel et de collaboration de mani\u00e8re diff\u00e9rente. Le but est de revendre et de r\u00e9utiliser les mat\u00e9riaux utilis\u00e9s dans un b\u00e2timent, et \u00e9changer de l\u2019\u00e9nergie\u00a0; par exemple, utiliser la chaleur \u00e9mise par un centre de donn\u00e9es pour chauffer les maisons situ\u00e9es dans un quartier adjoint.<\/p>\n<p>La passion du changement commence par un individu et passe petit \u00e0 petit au groupe. Chez QbiQ nous sommes heureux de pouvoir contribuer \u00e0 plus de durabilit\u00e9 dans notre secteur.<\/p>\n<p>&nbsp;<\/p>\n<p><img loading=\"lazy\" decoding=\"async\" class=\"alignnone size-full wp-image-873\" src=\"https:\/\/www.qbiq.nl\/wp-content\/uploads\/2017\/11\/DSC_0029.jpg\" alt=\"\" width=\"2048\" height=\"935\" srcset=\"https:\/\/www.qbiq.nl\/wp-content\/uploads\/2017\/11\/DSC_0029.jpg 2048w, https:\/\/www.qbiq.nl\/wp-content\/uploads\/2017\/11\/DSC_0029-300x137.jpg 300w, https:\/\/www.qbiq.nl\/wp-content\/uploads\/2017\/11\/DSC_0029-768x351.jpg 768w, https:\/\/www.qbiq.nl\/wp-content\/uploads\/2017\/11\/DSC_0029-1024x468.jpg 1024w\" sizes=\"auto, (max-width: 2048px) 100vw, 2048px\" \/><\/p>\n<p><img loading=\"lazy\" decoding=\"async\" class=\"alignnone size-full wp-image-875\" src=\"https:\/\/www.qbiq.nl\/wp-content\/uploads\/2017\/11\/DSC_0032.jpg\" alt=\"\" width=\"2048\" height=\"983\" srcset=\"https:\/\/www.qbiq.nl\/wp-content\/uploads\/2017\/11\/DSC_0032.jpg 2048w, https:\/\/www.qbiq.nl\/wp-content\/uploads\/2017\/11\/DSC_0032-300x144.jpg 300w, https:\/\/www.qbiq.nl\/wp-content\/uploads\/2017\/11\/DSC_0032-768x368.jpg 768w, https:\/\/www.qbiq.nl\/wp-content\/uploads\/2017\/11\/DSC_0032-1024x491.jpg 1024w\" sizes=\"auto, (max-width: 2048px) 100vw, 2048px\" \/><\/p>\n","protected":false},"excerpt":{"rendered":"<p>Le lundi 23 octobre des architectes se sont r\u00e9unis lors du Dutch Design Week et le s\u00e9minaire C2C \u00ab\u00a0C2C and Built Positive\u00a0\u00bb. L\u2019\u00e9l\u00e9ment central \u00e9tait le processus de penser, de concevoir et de prendre des initiatives au niveau du choix de mat\u00e9riel et de collaboration de mani\u00e8re diff\u00e9rente. Le but est de revendre et de&#8230;<\/p>\n","protected":false},"author":4,"featured_media":874,"comment_status":"closed","ping_status":"closed","sticky":false,"template":"","format":"standard","meta":{"_acf_changed":false,"footnotes":""},"categories":[7],"tags":[],"class_list":["post-1946","post","type-post","status-publish","format-standard","has-post-thumbnail","hentry","category-non-classifiee"],"acf":[],"yoast_head":"<!-- This site is optimized with the Yoast SEO plugin v27.5 - https:\/\/yoast.com\/product\/yoast-seo-wordpress\/ -->\n<title>Visite de Cradle to Cradle Caf\u00e9 \u2018Built Positive\u2019 - QbiQ Wall Systems<\/title>\n<meta name=\"robots\" content=\"index, follow, max-snippet:-1, max-image-preview:large, max-video-preview:-1\" \/>\n<link rel=\"canonical\" href=\"https:\/\/www.qbiq.nl\/visite-de-cradle-to-cradle-cafe-built-positive\/?lang=fr\" \/>\n<meta property=\"og:locale\" content=\"fr_FR\" \/>\n<meta property=\"og:type\" content=\"article\" \/>\n<meta property=\"og:title\" content=\"Visite de Cradle to Cradle Caf\u00e9 \u2018Built Positive\u2019 - QbiQ Wall Systems\" \/>\n<meta property=\"og:description\" content=\"Le lundi 23 octobre des architectes se sont r\u00e9unis lors du Dutch Design Week et le s\u00e9minaire C2C \u00ab\u00a0C2C and Built Positive\u00a0\u00bb. L\u2019\u00e9l\u00e9ment central \u00e9tait le processus de penser, de concevoir et de prendre des initiatives au niveau du choix de mat\u00e9riel et de collaboration de mani\u00e8re diff\u00e9rente. Le but est de revendre et de...\" \/>\n<meta property=\"og:url\" content=\"https:\/\/www.qbiq.nl\/visite-de-cradle-to-cradle-cafe-built-positive\/?lang=fr\" \/>\n<meta property=\"og:site_name\" content=\"QbiQ Wall Systems\" \/>\n<meta property=\"article:publisher\" content=\"https:\/\/www.facebook.com\/qbiqwallsystems\" \/>\n<meta property=\"article:published_time\" content=\"2017-11-03T14:58:17+00:00\" \/>\n<meta property=\"article:modified_time\" content=\"2018-05-04T13:59:20+00:00\" \/>\n<meta property=\"og:image\" content=\"https:\/\/www.qbiq.nl\/wp-content\/uploads\/2017\/11\/DSC_0028.jpg\" \/>\n\t<meta property=\"og:image:width\" content=\"2048\" \/>\n\t<meta property=\"og:image:height\" content=\"472\" \/>\n\t<meta property=\"og:image:type\" content=\"image\/jpeg\" \/>\n<meta name=\"author\" content=\"Rob Groen\" \/>\n<meta name=\"twitter:card\" content=\"summary_large_image\" \/>\n<meta name=\"twitter:creator\" content=\"@QbiQ1\" \/>\n<meta name=\"twitter:site\" content=\"@QbiQ1\" \/>\n<meta name=\"twitter:label1\" content=\"\u00c9crit par\" \/>\n\t<meta name=\"twitter:data1\" content=\"Rob Groen\" \/>\n\t<meta name=\"twitter:label2\" content=\"Dur\u00e9e de lecture estim\u00e9e\" \/>\n\t<meta name=\"twitter:data2\" content=\"1 minute\" \/>\n<script type=\"application\/ld+json\" class=\"yoast-schema-graph\">{\"@context\":\"https:\\\/\\\/schema.org\",\"@graph\":[{\"@type\":\"Article\",\"@id\":\"https:\\\/\\\/www.qbiq.nl\\\/visite-de-cradle-to-cradle-cafe-built-positive\\\/?lang=fr#article\",\"isPartOf\":{\"@id\":\"https:\\\/\\\/www.qbiq.nl\\\/visite-de-cradle-to-cradle-cafe-built-positive\\\/?lang=fr\"},\"author\":{\"name\":\"Rob Groen\",\"@id\":\"https:\\\/\\\/www.qbiq.nl\\\/?lang=en\\\/#\\\/schema\\\/person\\\/9566c9c902b2839e85659a9d68ae761f\"},\"headline\":\"Visite de Cradle to Cradle Caf\u00e9 \u2018Built Positive\u2019\",\"datePublished\":\"2017-11-03T14:58:17+00:00\",\"dateModified\":\"2018-05-04T13:59:20+00:00\",\"mainEntityOfPage\":{\"@id\":\"https:\\\/\\\/www.qbiq.nl\\\/visite-de-cradle-to-cradle-cafe-built-positive\\\/?lang=fr\"},\"wordCount\":138,\"publisher\":{\"@id\":\"https:\\\/\\\/www.qbiq.nl\\\/?lang=en\\\/#organization\"},\"image\":{\"@id\":\"https:\\\/\\\/www.qbiq.nl\\\/visite-de-cradle-to-cradle-cafe-built-positive\\\/?lang=fr#primaryimage\"},\"thumbnailUrl\":\"https:\\\/\\\/www.qbiq.nl\\\/wp-content\\\/uploads\\\/2017\\\/11\\\/DSC_0028.jpg\",\"articleSection\":[\"Non classifi\u00e9(e)\"],\"inLanguage\":\"fr-FR\"},{\"@type\":\"WebPage\",\"@id\":\"https:\\\/\\\/www.qbiq.nl\\\/visite-de-cradle-to-cradle-cafe-built-positive\\\/?lang=fr\",\"url\":\"https:\\\/\\\/www.qbiq.nl\\\/visite-de-cradle-to-cradle-cafe-built-positive\\\/?lang=fr\",\"name\":\"Visite de Cradle to Cradle Caf\u00e9 \u2018Built Positive\u2019 - QbiQ Wall Systems\",\"isPartOf\":{\"@id\":\"https:\\\/\\\/www.qbiq.nl\\\/?lang=en\\\/#website\"},\"primaryImageOfPage\":{\"@id\":\"https:\\\/\\\/www.qbiq.nl\\\/visite-de-cradle-to-cradle-cafe-built-positive\\\/?lang=fr#primaryimage\"},\"image\":{\"@id\":\"https:\\\/\\\/www.qbiq.nl\\\/visite-de-cradle-to-cradle-cafe-built-positive\\\/?lang=fr#primaryimage\"},\"thumbnailUrl\":\"https:\\\/\\\/www.qbiq.nl\\\/wp-content\\\/uploads\\\/2017\\\/11\\\/DSC_0028.jpg\",\"datePublished\":\"2017-11-03T14:58:17+00:00\",\"dateModified\":\"2018-05-04T13:59:20+00:00\",\"breadcrumb\":{\"@id\":\"https:\\\/\\\/www.qbiq.nl\\\/visite-de-cradle-to-cradle-cafe-built-positive\\\/?lang=fr#breadcrumb\"},\"inLanguage\":\"fr-FR\",\"potentialAction\":[{\"@type\":\"ReadAction\",\"target\":[\"https:\\\/\\\/www.qbiq.nl\\\/visite-de-cradle-to-cradle-cafe-built-positive\\\/?lang=fr\"]}]},{\"@type\":\"ImageObject\",\"inLanguage\":\"fr-FR\",\"@id\":\"https:\\\/\\\/www.qbiq.nl\\\/visite-de-cradle-to-cradle-cafe-built-positive\\\/?lang=fr#primaryimage\",\"url\":\"https:\\\/\\\/www.qbiq.nl\\\/wp-content\\\/uploads\\\/2017\\\/11\\\/DSC_0028.jpg\",\"contentUrl\":\"https:\\\/\\\/www.qbiq.nl\\\/wp-content\\\/uploads\\\/2017\\\/11\\\/DSC_0028.jpg\",\"width\":2048,\"height\":472},{\"@type\":\"BreadcrumbList\",\"@id\":\"https:\\\/\\\/www.qbiq.nl\\\/visite-de-cradle-to-cradle-cafe-built-positive\\\/?lang=fr#breadcrumb\",\"itemListElement\":[{\"@type\":\"ListItem\",\"position\":1,\"name\":\"Home\",\"item\":\"https:\\\/\\\/www.qbiq.nl\\\/fr\\\/\"},{\"@type\":\"ListItem\",\"position\":2,\"name\":\"Visite de Cradle to Cradle Caf\u00e9 \u2018Built Positive\u2019\"}]},{\"@type\":\"WebSite\",\"@id\":\"https:\\\/\\\/www.qbiq.nl\\\/?lang=en\\\/#website\",\"url\":\"https:\\\/\\\/www.qbiq.nl\\\/?lang=en\\\/\",\"name\":\"QbiQ Wall Systems\",\"description\":\"QbiQ geeft iQ de ruimte\",\"publisher\":{\"@id\":\"https:\\\/\\\/www.qbiq.nl\\\/?lang=en\\\/#organization\"},\"potentialAction\":[{\"@type\":\"SearchAction\",\"target\":{\"@type\":\"EntryPoint\",\"urlTemplate\":\"https:\\\/\\\/www.qbiq.nl\\\/?lang=en\\\/?s={search_term_string}\"},\"query-input\":{\"@type\":\"PropertyValueSpecification\",\"valueRequired\":true,\"valueName\":\"search_term_string\"}}],\"inLanguage\":\"fr-FR\"},{\"@type\":\"Organization\",\"@id\":\"https:\\\/\\\/www.qbiq.nl\\\/?lang=en\\\/#organization\",\"name\":\"QbiQ Wall Systems\",\"url\":\"https:\\\/\\\/www.qbiq.nl\\\/fr\\\/\",\"logo\":{\"@type\":\"ImageObject\",\"url\":\"https:\\\/\\\/www.qbiq.nl\\\/wp-content\\\/themes\\\/qbiq\\\/public\\\/img\\\/logo.png\",\"width\":200,\"height\":60},\"image\":{\"@id\":\"https:\\\/\\\/www.qbiq.nl\\\/?lang=en\\\/#\\\/schema\\\/logo\\\/image\\\/\"},\"sameAs\":[\"https:\\\/\\\/www.facebook.com\\\/qbiqwallsystems\\\/\",\"https:\\\/\\\/www.linkedin.com\\\/company\\\/qbiqwallsystems\",\"https:\\\/\\\/www.youtube.com\\\/channel\\\/UC0-xp-sYAd3L3B6q03uvFCQ\",\"https:\\\/\\\/www.instagram.com\\\/qbiqwallsystems\\\/\"],\"telephone\":\"+31 88 50 10 500\",\"address\":{\"@type\":\"PostalAddress\",\"streetAddress\":\"Poppenbouwing 26\",\"addressLocality\":\"Nieuwegein\",\"postalCode\":\"3431 HP\",\"addressCountry\":\"NL\"}},{\"@type\":\"Person\",\"@id\":\"https:\\\/\\\/www.qbiq.nl\\\/?lang=en\\\/#\\\/schema\\\/person\\\/9566c9c902b2839e85659a9d68ae761f\",\"name\":\"Rob Groen\",\"image\":{\"@type\":\"ImageObject\",\"inLanguage\":\"fr-FR\",\"@id\":\"https:\\\/\\\/secure.gravatar.com\\\/avatar\\\/b9506609bdc034c3ffd1ce1f8b5815b408a2e804369601f496a985e2206d087f?s=96&d=mm&r=g\",\"url\":\"https:\\\/\\\/secure.gravatar.com\\\/avatar\\\/b9506609bdc034c3ffd1ce1f8b5815b408a2e804369601f496a985e2206d087f?s=96&d=mm&r=g\",\"contentUrl\":\"https:\\\/\\\/secure.gravatar.com\\\/avatar\\\/b9506609bdc034c3ffd1ce1f8b5815b408a2e804369601f496a985e2206d087f?s=96&d=mm&r=g\",\"caption\":\"Rob Groen\"},\"sameAs\":[\"https:\\\/\\\/www.qbiq.nl\"],\"url\":\"https:\\\/\\\/www.qbiq.nl\\\/fr\\\/author\\\/qbiq\\\/\"}]}<\/script>\n<!-- \/ Yoast SEO plugin. -->","yoast_head_json":{"title":"Visite de Cradle to Cradle Caf\u00e9 \u2018Built Positive\u2019 - QbiQ Wall Systems","robots":{"index":"index","follow":"follow","max-snippet":"max-snippet:-1","max-image-preview":"max-image-preview:large","max-video-preview":"max-video-preview:-1"},"canonical":"https:\/\/www.qbiq.nl\/visite-de-cradle-to-cradle-cafe-built-positive\/?lang=fr","og_locale":"fr_FR","og_type":"article","og_title":"Visite de Cradle to Cradle Caf\u00e9 \u2018Built Positive\u2019 - QbiQ Wall Systems","og_description":"Le lundi 23 octobre des architectes se sont r\u00e9unis lors du Dutch Design Week et le s\u00e9minaire C2C \u00ab\u00a0C2C and Built Positive\u00a0\u00bb. L\u2019\u00e9l\u00e9ment central \u00e9tait le processus de penser, de concevoir et de prendre des initiatives au niveau du choix de mat\u00e9riel et de collaboration de mani\u00e8re diff\u00e9rente. Le but est de revendre et de...","og_url":"https:\/\/www.qbiq.nl\/visite-de-cradle-to-cradle-cafe-built-positive\/?lang=fr","og_site_name":"QbiQ Wall Systems","article_publisher":"https:\/\/www.facebook.com\/qbiqwallsystems","article_published_time":"2017-11-03T14:58:17+00:00","article_modified_time":"2018-05-04T13:59:20+00:00","og_image":[{"width":2048,"height":472,"url":"https:\/\/www.qbiq.nl\/wp-content\/uploads\/2017\/11\/DSC_0028.jpg","type":"image\/jpeg"}],"author":"Rob Groen","twitter_card":"summary_large_image","twitter_creator":"@QbiQ1","twitter_site":"@QbiQ1","twitter_misc":{"\u00c9crit par":"Rob Groen","Dur\u00e9e de lecture estim\u00e9e":"1 minute"},"schema":{"@context":"https:\/\/schema.org","@graph":[{"@type":"Article","@id":"https:\/\/www.qbiq.nl\/visite-de-cradle-to-cradle-cafe-built-positive\/?lang=fr#article","isPartOf":{"@id":"https:\/\/www.qbiq.nl\/visite-de-cradle-to-cradle-cafe-built-positive\/?lang=fr"},"author":{"name":"Rob Groen","@id":"https:\/\/www.qbiq.nl\/?lang=en\/#\/schema\/person\/9566c9c902b2839e85659a9d68ae761f"},"headline":"Visite de Cradle to Cradle Caf\u00e9 \u2018Built Positive\u2019","datePublished":"2017-11-03T14:58:17+00:00","dateModified":"2018-05-04T13:59:20+00:00","mainEntityOfPage":{"@id":"https:\/\/www.qbiq.nl\/visite-de-cradle-to-cradle-cafe-built-positive\/?lang=fr"},"wordCount":138,"publisher":{"@id":"https:\/\/www.qbiq.nl\/?lang=en\/#organization"},"image":{"@id":"https:\/\/www.qbiq.nl\/visite-de-cradle-to-cradle-cafe-built-positive\/?lang=fr#primaryimage"},"thumbnailUrl":"https:\/\/www.qbiq.nl\/wp-content\/uploads\/2017\/11\/DSC_0028.jpg","articleSection":["Non classifi\u00e9(e)"],"inLanguage":"fr-FR"},{"@type":"WebPage","@id":"https:\/\/www.qbiq.nl\/visite-de-cradle-to-cradle-cafe-built-positive\/?lang=fr","url":"https:\/\/www.qbiq.nl\/visite-de-cradle-to-cradle-cafe-built-positive\/?lang=fr","name":"Visite de Cradle to Cradle Caf\u00e9 \u2018Built Positive\u2019 - QbiQ Wall Systems","isPartOf":{"@id":"https:\/\/www.qbiq.nl\/?lang=en\/#website"},"primaryImageOfPage":{"@id":"https:\/\/www.qbiq.nl\/visite-de-cradle-to-cradle-cafe-built-positive\/?lang=fr#primaryimage"},"image":{"@id":"https:\/\/www.qbiq.nl\/visite-de-cradle-to-cradle-cafe-built-positive\/?lang=fr#primaryimage"},"thumbnailUrl":"https:\/\/www.qbiq.nl\/wp-content\/uploads\/2017\/11\/DSC_0028.jpg","datePublished":"2017-11-03T14:58:17+00:00","dateModified":"2018-05-04T13:59:20+00:00","breadcrumb":{"@id":"https:\/\/www.qbiq.nl\/visite-de-cradle-to-cradle-cafe-built-positive\/?lang=fr#breadcrumb"},"inLanguage":"fr-FR","potentialAction":[{"@type":"ReadAction","target":["https:\/\/www.qbiq.nl\/visite-de-cradle-to-cradle-cafe-built-positive\/?lang=fr"]}]},{"@type":"ImageObject","inLanguage":"fr-FR","@id":"https:\/\/www.qbiq.nl\/visite-de-cradle-to-cradle-cafe-built-positive\/?lang=fr#primaryimage","url":"https:\/\/www.qbiq.nl\/wp-content\/uploads\/2017\/11\/DSC_0028.jpg","contentUrl":"https:\/\/www.qbiq.nl\/wp-content\/uploads\/2017\/11\/DSC_0028.jpg","width":2048,"height":472},{"@type":"BreadcrumbList","@id":"https:\/\/www.qbiq.nl\/visite-de-cradle-to-cradle-cafe-built-positive\/?lang=fr#breadcrumb","itemListElement":[{"@type":"ListItem","position":1,"name":"Home","item":"https:\/\/www.qbiq.nl\/fr\/"},{"@type":"ListItem","position":2,"name":"Visite de Cradle to Cradle Caf\u00e9 \u2018Built Positive\u2019"}]},{"@type":"WebSite","@id":"https:\/\/www.qbiq.nl\/?lang=en\/#website","url":"https:\/\/www.qbiq.nl\/?lang=en\/","name":"QbiQ Wall Systems","description":"QbiQ geeft iQ de ruimte","publisher":{"@id":"https:\/\/www.qbiq.nl\/?lang=en\/#organization"},"potentialAction":[{"@type":"SearchAction","target":{"@type":"EntryPoint","urlTemplate":"https:\/\/www.qbiq.nl\/?lang=en\/?s={search_term_string}"},"query-input":{"@type":"PropertyValueSpecification","valueRequired":true,"valueName":"search_term_string"}}],"inLanguage":"fr-FR"},{"@type":"Organization","@id":"https:\/\/www.qbiq.nl\/?lang=en\/#organization","name":"QbiQ Wall Systems","url":"https:\/\/www.qbiq.nl\/fr\/","logo":{"@type":"ImageObject","url":"https:\/\/www.qbiq.nl\/wp-content\/themes\/qbiq\/public\/img\/logo.png","width":200,"height":60},"image":{"@id":"https:\/\/www.qbiq.nl\/?lang=en\/#\/schema\/logo\/image\/"},"sameAs":["https:\/\/www.facebook.com\/qbiqwallsystems\/","https:\/\/www.linkedin.com\/company\/qbiqwallsystems","https:\/\/www.youtube.com\/channel\/UC0-xp-sYAd3L3B6q03uvFCQ","https:\/\/www.instagram.com\/qbiqwallsystems\/"],"telephone":"+31 88 50 10 500","address":{"@type":"PostalAddress","streetAddress":"Poppenbouwing 26","addressLocality":"Nieuwegein","postalCode":"3431 HP","addressCountry":"NL"}},{"@type":"Person","@id":"https:\/\/www.qbiq.nl\/?lang=en\/#\/schema\/person\/9566c9c902b2839e85659a9d68ae761f","name":"Rob Groen","image":{"@type":"ImageObject","inLanguage":"fr-FR","@id":"https:\/\/secure.gravatar.com\/avatar\/b9506609bdc034c3ffd1ce1f8b5815b408a2e804369601f496a985e2206d087f?s=96&d=mm&r=g","url":"https:\/\/secure.gravatar.com\/avatar\/b9506609bdc034c3ffd1ce1f8b5815b408a2e804369601f496a985e2206d087f?s=96&d=mm&r=g","contentUrl":"https:\/\/secure.gravatar.com\/avatar\/b9506609bdc034c3ffd1ce1f8b5815b408a2e804369601f496a985e2206d087f?s=96&d=mm&r=g","caption":"Rob Groen"},"sameAs":["https:\/\/www.qbiq.nl"],"url":"https:\/\/www.qbiq.nl\/fr\/author\/qbiq\/"}]}},"_links":{"self":[{"href":"https:\/\/www.qbiq.nl\/fr\/wp-json\/wp\/v2\/posts\/1946","targetHints":{"allow":["GET"]}}],"collection":[{"href":"https:\/\/www.qbiq.nl\/fr\/wp-json\/wp\/v2\/posts"}],"about":[{"href":"https:\/\/www.qbiq.nl\/fr\/wp-json\/wp\/v2\/types\/post"}],"author":[{"embeddable":true,"href":"https:\/\/www.qbiq.nl\/fr\/wp-json\/wp\/v2\/users\/4"}],"replies":[{"embeddable":true,"href":"https:\/\/www.qbiq.nl\/fr\/wp-json\/wp\/v2\/comments?post=1946"}],"version-history":[{"count":1,"href":"https:\/\/www.qbiq.nl\/fr\/wp-json\/wp\/v2\/posts\/1946\/revisions"}],"predecessor-version":[{"id":1947,"href":"https:\/\/www.qbiq.nl\/fr\/wp-json\/wp\/v2\/posts\/1946\/revisions\/1947"}],"wp:featuredmedia":[{"embeddable":true,"href":"https:\/\/www.qbiq.nl\/fr\/wp-json\/wp\/v2\/media\/874"}],"wp:attachment":[{"href":"https:\/\/www.qbiq.nl\/fr\/wp-json\/wp\/v2\/media?parent=1946"}],"wp:term":[{"taxonomy":"category","embeddable":true,"href":"https:\/\/www.qbiq.nl\/fr\/wp-json\/wp\/v2\/categories?post=1946"},{"taxonomy":"post_tag","embeddable":true,"href":"https:\/\/www.qbiq.nl\/fr\/wp-json\/wp\/v2\/tags?post=1946"}],"curies":[{"name":"wp","href":"https:\/\/api.w.org\/{rel}","templated":true}]}}