{"id":24051,"date":"2025-12-30T11:30:09","date_gmt":"2025-12-30T10:30:09","guid":{"rendered":"https:\/\/www.qbiq.nl\/qbiq-neemt-duitse-systeemwandenproducent-intek-over\/"},"modified":"2025-12-30T12:04:40","modified_gmt":"2025-12-30T11:04:40","slug":"qbiq-neemt-duitse-systeemwandenproducent-intek-over","status":"publish","type":"post","link":"https:\/\/www.qbiq.nl\/fr\/qbiq-neemt-duitse-systeemwandenproducent-intek-over\/","title":{"rendered":"QbiQ rach\u00e8te le fabricant allemand de cloisons modulaires Intek"},"content":{"rendered":"<p>Nous sommes heureux d&rsquo;annoncer le partenariat entre QbiQ B.V. et Intek GmbH, l&rsquo;un des principaux fabricants allemands de cloisons modulaires. <\/p>\n<p>Cette acquisition renforce la position de QbiQ sur le march\u00e9 europ\u00e9en et \u00e9largit encore son portefeuille de produits innovants.<br \/>\nLa marque et la production InteK resteront totalement ind\u00e9pendantes, les deux entreprises reprenant les sp\u00e9cialit\u00e9s de l&rsquo;autre.<br \/>\nIl s&rsquo;agit notamment de la production de verre, de vitrages affleurants, de cadres de porte invisibles, de syst\u00e8mes ignifuges et de concepts minimalistes. Les deux marques tirent profit de cet accord. <\/p>\n<p>Pour les clients, les fournisseurs et les partenaires, rien ne changera \u00e0 court terme : tous les accords existants resteront inchang\u00e9s. \u00ab Avec Intek, nous acqu\u00e9rons une marque forte et une \u00e9quipe exp\u00e9riment\u00e9e \u00bb, d\u00e9clare la direction. <\/p>\n","protected":false},"excerpt":{"rendered":"<p>Nous sommes heureux d&rsquo;annoncer le partenariat entre QbiQ B.V. et Intek GmbH, l&rsquo;un des principaux fabricants allemands de cloisons modulaires. Cette acquisition renforce la position de QbiQ sur le march\u00e9 europ\u00e9en et \u00e9largit encore son portefeuille de produits innovants. La marque et la production InteK resteront totalement ind\u00e9pendantes, les deux entreprises reprenant les sp\u00e9cialit\u00e9s de&#8230;<\/p>\n","protected":false},"author":4,"featured_media":24042,"comment_status":"closed","ping_status":"open","sticky":false,"template":"","format":"standard","meta":{"_acf_changed":false,"footnotes":""},"categories":[7],"tags":[],"class_list":["post-24051","post","type-post","status-publish","format-standard","has-post-thumbnail","hentry","category-non-classifiee"],"acf":[],"yoast_head":"<!-- This site is optimized with the Yoast SEO plugin v27.4 - https:\/\/yoast.com\/product\/yoast-seo-wordpress\/ -->\n<title>QbiQ rach\u00e8te le fabricant allemand de cloisons modulaires Intek - QbiQ Wall Systems<\/title>\n<meta name=\"robots\" content=\"index, follow, max-snippet:-1, max-image-preview:large, max-video-preview:-1\" \/>\n<link rel=\"canonical\" href=\"https:\/\/www.qbiq.nl\/fr\/qbiq-neemt-duitse-systeemwandenproducent-intek-over\/\" \/>\n<meta property=\"og:locale\" content=\"fr_FR\" \/>\n<meta property=\"og:type\" content=\"article\" \/>\n<meta property=\"og:title\" content=\"QbiQ rach\u00e8te le fabricant allemand de cloisons modulaires Intek - QbiQ Wall Systems\" \/>\n<meta property=\"og:description\" content=\"Nous sommes heureux d&rsquo;annoncer le partenariat entre QbiQ B.V. et Intek GmbH, l&rsquo;un des principaux fabricants allemands de cloisons modulaires. Cette acquisition renforce la position de QbiQ sur le march\u00e9 europ\u00e9en et \u00e9largit encore son portefeuille de produits innovants. La marque et la production InteK resteront totalement ind\u00e9pendantes, les deux entreprises reprenant les sp\u00e9cialit\u00e9s de...\" \/>\n<meta property=\"og:url\" content=\"https:\/\/www.qbiq.nl\/fr\/qbiq-neemt-duitse-systeemwandenproducent-intek-over\/\" \/>\n<meta property=\"og:site_name\" content=\"QbiQ Wall Systems\" \/>\n<meta property=\"article:publisher\" content=\"https:\/\/www.facebook.com\/qbiqwallsystems\" \/>\n<meta property=\"article:published_time\" content=\"2025-12-30T10:30:09+00:00\" \/>\n<meta property=\"article:modified_time\" content=\"2025-12-30T11:04:40+00:00\" \/>\n<meta property=\"og:image\" content=\"https:\/\/www.qbiq.nl\/wp-content\/uploads\/2025\/12\/handshake-intek-qbiq.png\" \/>\n\t<meta property=\"og:image:width\" content=\"1188\" \/>\n\t<meta property=\"og:image:height\" content=\"702\" \/>\n\t<meta property=\"og:image:type\" content=\"image\/png\" \/>\n<meta name=\"author\" content=\"Rob Groen\" \/>\n<meta name=\"twitter:card\" content=\"summary_large_image\" \/>\n<meta name=\"twitter:creator\" content=\"@QbiQ1\" \/>\n<meta name=\"twitter:site\" content=\"@QbiQ1\" \/>\n<meta name=\"twitter:label1\" content=\"\u00c9crit par\" \/>\n\t<meta name=\"twitter:data1\" content=\"Rob Groen\" \/>\n\t<meta name=\"twitter:label2\" content=\"Dur\u00e9e de lecture estim\u00e9e\" \/>\n\t<meta name=\"twitter:data2\" content=\"1 minute\" \/>\n<script type=\"application\/ld+json\" class=\"yoast-schema-graph\">{\"@context\":\"https:\\\/\\\/schema.org\",\"@graph\":[{\"@type\":\"Article\",\"@id\":\"https:\\\/\\\/www.qbiq.nl\\\/fr\\\/qbiq-neemt-duitse-systeemwandenproducent-intek-over\\\/#article\",\"isPartOf\":{\"@id\":\"https:\\\/\\\/www.qbiq.nl\\\/fr\\\/qbiq-neemt-duitse-systeemwandenproducent-intek-over\\\/\"},\"author\":{\"name\":\"Rob Groen\",\"@id\":\"https:\\\/\\\/www.qbiq.nl\\\/?lang=en\\\/#\\\/schema\\\/person\\\/9566c9c902b2839e85659a9d68ae761f\"},\"headline\":\"QbiQ rach\u00e8te le fabricant allemand de cloisons modulaires Intek\",\"datePublished\":\"2025-12-30T10:30:09+00:00\",\"dateModified\":\"2025-12-30T11:04:40+00:00\",\"mainEntityOfPage\":{\"@id\":\"https:\\\/\\\/www.qbiq.nl\\\/fr\\\/qbiq-neemt-duitse-systeemwandenproducent-intek-over\\\/\"},\"wordCount\":145,\"publisher\":{\"@id\":\"https:\\\/\\\/www.qbiq.nl\\\/?lang=en\\\/#organization\"},\"image\":{\"@id\":\"https:\\\/\\\/www.qbiq.nl\\\/fr\\\/qbiq-neemt-duitse-systeemwandenproducent-intek-over\\\/#primaryimage\"},\"thumbnailUrl\":\"https:\\\/\\\/www.qbiq.nl\\\/wp-content\\\/uploads\\\/2025\\\/12\\\/handshake-intek-qbiq.png\",\"articleSection\":[\"Non classifi\u00e9(e)\"],\"inLanguage\":\"fr-FR\"},{\"@type\":\"WebPage\",\"@id\":\"https:\\\/\\\/www.qbiq.nl\\\/fr\\\/qbiq-neemt-duitse-systeemwandenproducent-intek-over\\\/\",\"url\":\"https:\\\/\\\/www.qbiq.nl\\\/fr\\\/qbiq-neemt-duitse-systeemwandenproducent-intek-over\\\/\",\"name\":\"QbiQ rach\u00e8te le fabricant allemand de cloisons modulaires Intek - QbiQ Wall Systems\",\"isPartOf\":{\"@id\":\"https:\\\/\\\/www.qbiq.nl\\\/?lang=en\\\/#website\"},\"primaryImageOfPage\":{\"@id\":\"https:\\\/\\\/www.qbiq.nl\\\/fr\\\/qbiq-neemt-duitse-systeemwandenproducent-intek-over\\\/#primaryimage\"},\"image\":{\"@id\":\"https:\\\/\\\/www.qbiq.nl\\\/fr\\\/qbiq-neemt-duitse-systeemwandenproducent-intek-over\\\/#primaryimage\"},\"thumbnailUrl\":\"https:\\\/\\\/www.qbiq.nl\\\/wp-content\\\/uploads\\\/2025\\\/12\\\/handshake-intek-qbiq.png\",\"datePublished\":\"2025-12-30T10:30:09+00:00\",\"dateModified\":\"2025-12-30T11:04:40+00:00\",\"breadcrumb\":{\"@id\":\"https:\\\/\\\/www.qbiq.nl\\\/fr\\\/qbiq-neemt-duitse-systeemwandenproducent-intek-over\\\/#breadcrumb\"},\"inLanguage\":\"fr-FR\",\"potentialAction\":[{\"@type\":\"ReadAction\",\"target\":[\"https:\\\/\\\/www.qbiq.nl\\\/fr\\\/qbiq-neemt-duitse-systeemwandenproducent-intek-over\\\/\"]}]},{\"@type\":\"ImageObject\",\"inLanguage\":\"fr-FR\",\"@id\":\"https:\\\/\\\/www.qbiq.nl\\\/fr\\\/qbiq-neemt-duitse-systeemwandenproducent-intek-over\\\/#primaryimage\",\"url\":\"https:\\\/\\\/www.qbiq.nl\\\/wp-content\\\/uploads\\\/2025\\\/12\\\/handshake-intek-qbiq.png\",\"contentUrl\":\"https:\\\/\\\/www.qbiq.nl\\\/wp-content\\\/uploads\\\/2025\\\/12\\\/handshake-intek-qbiq.png\",\"width\":1188,\"height\":702},{\"@type\":\"BreadcrumbList\",\"@id\":\"https:\\\/\\\/www.qbiq.nl\\\/fr\\\/qbiq-neemt-duitse-systeemwandenproducent-intek-over\\\/#breadcrumb\",\"itemListElement\":[{\"@type\":\"ListItem\",\"position\":1,\"name\":\"Home\",\"item\":\"https:\\\/\\\/www.qbiq.nl\\\/fr\\\/\"},{\"@type\":\"ListItem\",\"position\":2,\"name\":\"QbiQ rach\u00e8te le fabricant allemand de cloisons modulaires Intek\"}]},{\"@type\":\"WebSite\",\"@id\":\"https:\\\/\\\/www.qbiq.nl\\\/?lang=en\\\/#website\",\"url\":\"https:\\\/\\\/www.qbiq.nl\\\/?lang=en\\\/\",\"name\":\"QbiQ Wall Systems\",\"description\":\"QbiQ geeft iQ de ruimte\",\"publisher\":{\"@id\":\"https:\\\/\\\/www.qbiq.nl\\\/?lang=en\\\/#organization\"},\"potentialAction\":[{\"@type\":\"SearchAction\",\"target\":{\"@type\":\"EntryPoint\",\"urlTemplate\":\"https:\\\/\\\/www.qbiq.nl\\\/?lang=en\\\/?s={search_term_string}\"},\"query-input\":{\"@type\":\"PropertyValueSpecification\",\"valueRequired\":true,\"valueName\":\"search_term_string\"}}],\"inLanguage\":\"fr-FR\"},{\"@type\":\"Organization\",\"@id\":\"https:\\\/\\\/www.qbiq.nl\\\/?lang=en\\\/#organization\",\"name\":\"QbiQ Wall Systems\",\"url\":\"https:\\\/\\\/www.qbiq.nl\\\/fr\\\/\",\"logo\":{\"@type\":\"ImageObject\",\"url\":\"https:\\\/\\\/www.qbiq.nl\\\/wp-content\\\/themes\\\/qbiq\\\/public\\\/img\\\/logo.png\",\"width\":200,\"height\":60},\"image\":{\"@id\":\"https:\\\/\\\/www.qbiq.nl\\\/?lang=en\\\/#\\\/schema\\\/logo\\\/image\\\/\"},\"sameAs\":[\"https:\\\/\\\/www.facebook.com\\\/qbiqwallsystems\\\/\",\"https:\\\/\\\/www.linkedin.com\\\/company\\\/qbiqwallsystems\",\"https:\\\/\\\/www.youtube.com\\\/channel\\\/UC0-xp-sYAd3L3B6q03uvFCQ\",\"https:\\\/\\\/www.instagram.com\\\/qbiqwallsystems\\\/\"],\"telephone\":\"+31 88 50 10 500\",\"address\":{\"@type\":\"PostalAddress\",\"streetAddress\":\"Poppenbouwing 26\",\"addressLocality\":\"Nieuwegein\",\"postalCode\":\"3431 HP\",\"addressCountry\":\"NL\"}},{\"@type\":\"Person\",\"@id\":\"https:\\\/\\\/www.qbiq.nl\\\/?lang=en\\\/#\\\/schema\\\/person\\\/9566c9c902b2839e85659a9d68ae761f\",\"name\":\"Rob Groen\",\"image\":{\"@type\":\"ImageObject\",\"inLanguage\":\"fr-FR\",\"@id\":\"https:\\\/\\\/secure.gravatar.com\\\/avatar\\\/b9506609bdc034c3ffd1ce1f8b5815b408a2e804369601f496a985e2206d087f?s=96&d=mm&r=g\",\"url\":\"https:\\\/\\\/secure.gravatar.com\\\/avatar\\\/b9506609bdc034c3ffd1ce1f8b5815b408a2e804369601f496a985e2206d087f?s=96&d=mm&r=g\",\"contentUrl\":\"https:\\\/\\\/secure.gravatar.com\\\/avatar\\\/b9506609bdc034c3ffd1ce1f8b5815b408a2e804369601f496a985e2206d087f?s=96&d=mm&r=g\",\"caption\":\"Rob Groen\"},\"sameAs\":[\"https:\\\/\\\/www.qbiq.nl\"],\"url\":\"https:\\\/\\\/www.qbiq.nl\\\/fr\\\/author\\\/qbiq\\\/\"}]}<\/script>\n<!-- \/ Yoast SEO plugin. -->","yoast_head_json":{"title":"QbiQ rach\u00e8te le fabricant allemand de cloisons modulaires Intek - QbiQ Wall Systems","robots":{"index":"index","follow":"follow","max-snippet":"max-snippet:-1","max-image-preview":"max-image-preview:large","max-video-preview":"max-video-preview:-1"},"canonical":"https:\/\/www.qbiq.nl\/fr\/qbiq-neemt-duitse-systeemwandenproducent-intek-over\/","og_locale":"fr_FR","og_type":"article","og_title":"QbiQ rach\u00e8te le fabricant allemand de cloisons modulaires Intek - QbiQ Wall Systems","og_description":"Nous sommes heureux d&rsquo;annoncer le partenariat entre QbiQ B.V. et Intek GmbH, l&rsquo;un des principaux fabricants allemands de cloisons modulaires. Cette acquisition renforce la position de QbiQ sur le march\u00e9 europ\u00e9en et \u00e9largit encore son portefeuille de produits innovants. La marque et la production InteK resteront totalement ind\u00e9pendantes, les deux entreprises reprenant les sp\u00e9cialit\u00e9s de...","og_url":"https:\/\/www.qbiq.nl\/fr\/qbiq-neemt-duitse-systeemwandenproducent-intek-over\/","og_site_name":"QbiQ Wall Systems","article_publisher":"https:\/\/www.facebook.com\/qbiqwallsystems","article_published_time":"2025-12-30T10:30:09+00:00","article_modified_time":"2025-12-30T11:04:40+00:00","og_image":[{"width":1188,"height":702,"url":"https:\/\/www.qbiq.nl\/wp-content\/uploads\/2025\/12\/handshake-intek-qbiq.png","type":"image\/png"}],"author":"Rob Groen","twitter_card":"summary_large_image","twitter_creator":"@QbiQ1","twitter_site":"@QbiQ1","twitter_misc":{"\u00c9crit par":"Rob Groen","Dur\u00e9e de lecture estim\u00e9e":"1 minute"},"schema":{"@context":"https:\/\/schema.org","@graph":[{"@type":"Article","@id":"https:\/\/www.qbiq.nl\/fr\/qbiq-neemt-duitse-systeemwandenproducent-intek-over\/#article","isPartOf":{"@id":"https:\/\/www.qbiq.nl\/fr\/qbiq-neemt-duitse-systeemwandenproducent-intek-over\/"},"author":{"name":"Rob Groen","@id":"https:\/\/www.qbiq.nl\/?lang=en\/#\/schema\/person\/9566c9c902b2839e85659a9d68ae761f"},"headline":"QbiQ rach\u00e8te le fabricant allemand de cloisons modulaires Intek","datePublished":"2025-12-30T10:30:09+00:00","dateModified":"2025-12-30T11:04:40+00:00","mainEntityOfPage":{"@id":"https:\/\/www.qbiq.nl\/fr\/qbiq-neemt-duitse-systeemwandenproducent-intek-over\/"},"wordCount":145,"publisher":{"@id":"https:\/\/www.qbiq.nl\/?lang=en\/#organization"},"image":{"@id":"https:\/\/www.qbiq.nl\/fr\/qbiq-neemt-duitse-systeemwandenproducent-intek-over\/#primaryimage"},"thumbnailUrl":"https:\/\/www.qbiq.nl\/wp-content\/uploads\/2025\/12\/handshake-intek-qbiq.png","articleSection":["Non classifi\u00e9(e)"],"inLanguage":"fr-FR"},{"@type":"WebPage","@id":"https:\/\/www.qbiq.nl\/fr\/qbiq-neemt-duitse-systeemwandenproducent-intek-over\/","url":"https:\/\/www.qbiq.nl\/fr\/qbiq-neemt-duitse-systeemwandenproducent-intek-over\/","name":"QbiQ rach\u00e8te le fabricant allemand de cloisons modulaires Intek - QbiQ Wall Systems","isPartOf":{"@id":"https:\/\/www.qbiq.nl\/?lang=en\/#website"},"primaryImageOfPage":{"@id":"https:\/\/www.qbiq.nl\/fr\/qbiq-neemt-duitse-systeemwandenproducent-intek-over\/#primaryimage"},"image":{"@id":"https:\/\/www.qbiq.nl\/fr\/qbiq-neemt-duitse-systeemwandenproducent-intek-over\/#primaryimage"},"thumbnailUrl":"https:\/\/www.qbiq.nl\/wp-content\/uploads\/2025\/12\/handshake-intek-qbiq.png","datePublished":"2025-12-30T10:30:09+00:00","dateModified":"2025-12-30T11:04:40+00:00","breadcrumb":{"@id":"https:\/\/www.qbiq.nl\/fr\/qbiq-neemt-duitse-systeemwandenproducent-intek-over\/#breadcrumb"},"inLanguage":"fr-FR","potentialAction":[{"@type":"ReadAction","target":["https:\/\/www.qbiq.nl\/fr\/qbiq-neemt-duitse-systeemwandenproducent-intek-over\/"]}]},{"@type":"ImageObject","inLanguage":"fr-FR","@id":"https:\/\/www.qbiq.nl\/fr\/qbiq-neemt-duitse-systeemwandenproducent-intek-over\/#primaryimage","url":"https:\/\/www.qbiq.nl\/wp-content\/uploads\/2025\/12\/handshake-intek-qbiq.png","contentUrl":"https:\/\/www.qbiq.nl\/wp-content\/uploads\/2025\/12\/handshake-intek-qbiq.png","width":1188,"height":702},{"@type":"BreadcrumbList","@id":"https:\/\/www.qbiq.nl\/fr\/qbiq-neemt-duitse-systeemwandenproducent-intek-over\/#breadcrumb","itemListElement":[{"@type":"ListItem","position":1,"name":"Home","item":"https:\/\/www.qbiq.nl\/fr\/"},{"@type":"ListItem","position":2,"name":"QbiQ rach\u00e8te le fabricant allemand de cloisons modulaires Intek"}]},{"@type":"WebSite","@id":"https:\/\/www.qbiq.nl\/?lang=en\/#website","url":"https:\/\/www.qbiq.nl\/?lang=en\/","name":"QbiQ Wall Systems","description":"QbiQ geeft iQ de ruimte","publisher":{"@id":"https:\/\/www.qbiq.nl\/?lang=en\/#organization"},"potentialAction":[{"@type":"SearchAction","target":{"@type":"EntryPoint","urlTemplate":"https:\/\/www.qbiq.nl\/?lang=en\/?s={search_term_string}"},"query-input":{"@type":"PropertyValueSpecification","valueRequired":true,"valueName":"search_term_string"}}],"inLanguage":"fr-FR"},{"@type":"Organization","@id":"https:\/\/www.qbiq.nl\/?lang=en\/#organization","name":"QbiQ Wall Systems","url":"https:\/\/www.qbiq.nl\/fr\/","logo":{"@type":"ImageObject","url":"https:\/\/www.qbiq.nl\/wp-content\/themes\/qbiq\/public\/img\/logo.png","width":200,"height":60},"image":{"@id":"https:\/\/www.qbiq.nl\/?lang=en\/#\/schema\/logo\/image\/"},"sameAs":["https:\/\/www.facebook.com\/qbiqwallsystems\/","https:\/\/www.linkedin.com\/company\/qbiqwallsystems","https:\/\/www.youtube.com\/channel\/UC0-xp-sYAd3L3B6q03uvFCQ","https:\/\/www.instagram.com\/qbiqwallsystems\/"],"telephone":"+31 88 50 10 500","address":{"@type":"PostalAddress","streetAddress":"Poppenbouwing 26","addressLocality":"Nieuwegein","postalCode":"3431 HP","addressCountry":"NL"}},{"@type":"Person","@id":"https:\/\/www.qbiq.nl\/?lang=en\/#\/schema\/person\/9566c9c902b2839e85659a9d68ae761f","name":"Rob Groen","image":{"@type":"ImageObject","inLanguage":"fr-FR","@id":"https:\/\/secure.gravatar.com\/avatar\/b9506609bdc034c3ffd1ce1f8b5815b408a2e804369601f496a985e2206d087f?s=96&d=mm&r=g","url":"https:\/\/secure.gravatar.com\/avatar\/b9506609bdc034c3ffd1ce1f8b5815b408a2e804369601f496a985e2206d087f?s=96&d=mm&r=g","contentUrl":"https:\/\/secure.gravatar.com\/avatar\/b9506609bdc034c3ffd1ce1f8b5815b408a2e804369601f496a985e2206d087f?s=96&d=mm&r=g","caption":"Rob Groen"},"sameAs":["https:\/\/www.qbiq.nl"],"url":"https:\/\/www.qbiq.nl\/fr\/author\/qbiq\/"}]}},"_links":{"self":[{"href":"https:\/\/www.qbiq.nl\/fr\/wp-json\/wp\/v2\/posts\/24051","targetHints":{"allow":["GET"]}}],"collection":[{"href":"https:\/\/www.qbiq.nl\/fr\/wp-json\/wp\/v2\/posts"}],"about":[{"href":"https:\/\/www.qbiq.nl\/fr\/wp-json\/wp\/v2\/types\/post"}],"author":[{"embeddable":true,"href":"https:\/\/www.qbiq.nl\/fr\/wp-json\/wp\/v2\/users\/4"}],"replies":[{"embeddable":true,"href":"https:\/\/www.qbiq.nl\/fr\/wp-json\/wp\/v2\/comments?post=24051"}],"version-history":[{"count":1,"href":"https:\/\/www.qbiq.nl\/fr\/wp-json\/wp\/v2\/posts\/24051\/revisions"}],"predecessor-version":[{"id":24052,"href":"https:\/\/www.qbiq.nl\/fr\/wp-json\/wp\/v2\/posts\/24051\/revisions\/24052"}],"wp:featuredmedia":[{"embeddable":true,"href":"https:\/\/www.qbiq.nl\/fr\/wp-json\/wp\/v2\/media\/24042"}],"wp:attachment":[{"href":"https:\/\/www.qbiq.nl\/fr\/wp-json\/wp\/v2\/media?parent=24051"}],"wp:term":[{"taxonomy":"category","embeddable":true,"href":"https:\/\/www.qbiq.nl\/fr\/wp-json\/wp\/v2\/categories?post=24051"},{"taxonomy":"post_tag","embeddable":true,"href":"https:\/\/www.qbiq.nl\/fr\/wp-json\/wp\/v2\/tags?post=24051"}],"curies":[{"name":"wp","href":"https:\/\/api.w.org\/{rel}","templated":true}]}}